{"id":357,"date":"2022-03-16T18:03:09","date_gmt":"2022-03-16T18:03:09","guid":{"rendered":"https:\/\/www.turismovillanuevadelosinfantes.es\/?p=357"},"modified":"2026-02-02T07:44:43","modified_gmt":"2026-02-02T07:44:43","slug":"iglesia-de-san-andres","status":"publish","type":"post","link":"https:\/\/www.turismovillanuevadelosinfantes.es\/en\/iglesia-de-san-andres\/","title":{"rendered":"Iglesia de San Andr\u00e9s"},"content":{"rendered":"<div data-elementor-type=\"wp-post\" data-elementor-id=\"357\" class=\"elementor elementor-357\" data-elementor-post-type=\"post\">\n\t\t\t\t\t\t<section class=\"elementor-section elementor-top-section elementor-element elementor-element-7a223869 elementor-section-boxed elementor-section-height-default elementor-section-height-default\" data-id=\"7a223869\" data-element_type=\"section\">\n\t\t\t\t\t\t<div class=\"elementor-container elementor-column-gap-default\">\n\t\t\t\t\t<div class=\"elementor-column elementor-col-100 elementor-top-column elementor-element elementor-element-67f77457\" data-id=\"67f77457\" data-element_type=\"column\">\n\t\t\t<div class=\"elementor-widget-wrap elementor-element-populated\">\n\t\t\t\t\t\t<div class=\"elementor-element elementor-element-79add281 elementor-widget elementor-widget-text-editor\" data-id=\"79add281\" data-element_type=\"widget\" data-widget_type=\"text-editor.default\">\n\t\t\t\t<div class=\"elementor-widget-container\">\n\t\t\t\t\t\t\t\t\t<p><\/p>\n<p>Se asoma a la plaza con su impresionante fachada de estilo clasicista, con un profundo arco de medio punto que cobija la imagen de San Andr\u00e9s y el escudo de los Austrias, debida a Francisco Cano, es herreriana. En el interior se aprecia una s\u00edntesis de estilos art\u00edsticos. Es un proyecto g\u00f3tico de una sola nave, dividida en tramos cubiertos por b\u00f3vedas de crucer\u00eda. Tambi\u00e9n son merecedores de menci\u00f3n su p\u00falpito, obra plateresca del siglo XVI y las portadas norte y oeste realizadas por Francisco Luna, suegro de Andr\u00e9s de Vandelvira.<\/p>\n<p>\u00a0<\/p>\n<p><\/p>\n<p><\/p>\n<p>A los pies de la nave central vigila el templo un colosal \u00f3rgano rom\u00e1ntico de la \u00e9poca victoriana obra de Henry Speechly. Tras m\u00e1s de un siglo desde su primera instalaci\u00f3n en la Exposici\u00f3n de Par\u00eds de 1889, esta joya del siglo XIX \u00fanica en Espa\u00f1a ha sido reubicado recientemente en la Iglesia de San Andr\u00e9s y a\u00fan se ultiman los detalles para su puesta a punto. En la cripta de la capilla de la familia del Busto reposan los restos de Francisco de Quevedo. El escritor permaneci\u00f3 enterrado en este lugar durante 150 a\u00f1os tras su fallecimiento en 1645. Tras distintos avatares de sus restos y una vez identificados por la Escuela Legal de Medicina de la Universidad Complutense de Madrid fueron depositados de nuevo en la cripta en mayo de 2007.<\/p>\n<p>\u00a0<\/p>\n<p>Dentro de la Iglesia, tambi\u00e9n son visitables los museos parroquiales, con dos salas de exposiciones permanentes. En una se exhiben los mantos de Nuestra Se\u00f1ora de la Antigua, junto con otros objetos y reliquias de inter\u00e9s, y la otra alberga relevantes tallas, reliquias parroquiales, archivos hist\u00f3ricos y vestimenta sacerdotal. De igual manera se puede acceder a la cripta de Santo Tom\u00e1s, mandada construir en 1645 por el vicario Florencio de Vera y Chac\u00f3n, en el lugar donde estuvo el taller de la parroquia. Contiene un peque\u00f1o retablo en piedra dedicado a Santo Tom\u00e1s de Villanueva.<\/p>\n<p><\/p>\n<p><\/p>\n<p><\/p>\t\t\t\t\t\t\t\t<\/div>\n\t\t\t\t<\/div>\n\t\t\t\t\t<\/div>\n\t\t<\/div>\n\t\t\t\t\t<\/div>\n\t\t<\/section>\n\t\t\t\t<section class=\"elementor-section elementor-top-section elementor-element elementor-element-0b9570e elementor-section-boxed elementor-section-height-default elementor-section-height-default\" data-id=\"0b9570e\" data-element_type=\"section\">\n\t\t\t\t\t\t<div class=\"elementor-container elementor-column-gap-default\">\n\t\t\t\t\t<div class=\"elementor-column elementor-col-100 elementor-top-column elementor-element elementor-element-5cc5964\" data-id=\"5cc5964\" data-element_type=\"column\">\n\t\t\t<div class=\"elementor-widget-wrap elementor-element-populated\">\n\t\t\t\t\t\t<div class=\"elementor-element elementor-element-f41a1c6 elementor-widget elementor-widget-heading\" data-id=\"f41a1c6\" data-element_type=\"widget\" data-widget_type=\"heading.default\">\n\t\t\t\t<div class=\"elementor-widget-container\">\n\t\t\t\t\t<h3 class=\"elementor-heading-title elementor-size-default\">Galer\u00eda de im\u00e1genes<\/h3>\t\t\t\t<\/div>\n\t\t\t\t<\/div>\n\t\t\t\t<div class=\"elementor-element elementor-element-827bc1d elementor-widget elementor-widget-gallery\" data-id=\"827bc1d\" data-element_type=\"widget\" data-settings=\"{&quot;columns&quot;:3,&quot;aspect_ratio&quot;:&quot;1:1&quot;,&quot;lazyload&quot;:&quot;yes&quot;,&quot;gallery_layout&quot;:&quot;grid&quot;,&quot;columns_tablet&quot;:2,&quot;columns_mobile&quot;:1,&quot;gap&quot;:{&quot;unit&quot;:&quot;px&quot;,&quot;size&quot;:10,&quot;sizes&quot;:[]},&quot;gap_tablet&quot;:{&quot;unit&quot;:&quot;px&quot;,&quot;size&quot;:10,&quot;sizes&quot;:[]},&quot;gap_mobile&quot;:{&quot;unit&quot;:&quot;px&quot;,&quot;size&quot;:10,&quot;sizes&quot;:[]},&quot;link_to&quot;:&quot;file&quot;,&quot;overlay_background&quot;:&quot;yes&quot;,&quot;content_hover_animation&quot;:&quot;fade-in&quot;}\" data-widget_type=\"gallery.default\">\n\t\t\t\t<div class=\"elementor-widget-container\">\n\t\t\t\t\t\t\t<div class=\"elementor-gallery__container\">\n\t\t\t\t\t\t\t<a class=\"e-gallery-item elementor-gallery-item elementor-animated-content\" href=\"https:\/\/www.turismovillanuevadelosinfantes.es\/wp-content\/uploads\/2022\/03\/AnyConv.com__3262a76f-59c4-4209-a6c6-b8019a3e7f6a.png\" data-elementor-open-lightbox=\"yes\" data-elementor-lightbox-slideshow=\"827bc1d\" data-elementor-lightbox-title=\"Iglesia de San Andr\u00e9s\" data-e-action-hash=\"#elementor-action%3Aaction%3Dlightbox%26settings%3DeyJpZCI6MTM1OSwidXJsIjoiaHR0cHM6XC9cL3d3dy50dXJpc21vdmlsbGFudWV2YWRlbG9zaW5mYW50ZXMuZXNcL3dwLWNvbnRlbnRcL3VwbG9hZHNcLzIwMjJcLzAzXC9BbnlDb252LmNvbV9fMzI2MmE3NmYtNTljNC00MjA5LWE2YzYtYjgwMTlhM2U3ZjZhLnBuZyIsInNsaWRlc2hvdyI6IjgyN2JjMWQifQ%3D%3D\">\n\t\t\t\t\t<div class=\"e-gallery-image elementor-gallery-item__image\" data-thumbnail=\"https:\/\/www.turismovillanuevadelosinfantes.es\/wp-content\/uploads\/2022\/03\/AnyConv.com__3262a76f-59c4-4209-a6c6-b8019a3e7f6a-225x300.png\" data-width=\"225\" data-height=\"300\" aria-label=\"\" role=\"img\" ><\/div>\n\t\t\t\t\t\t\t\t\t\t\t<div class=\"elementor-gallery-item__overlay\"><\/div>\n\t\t\t\t\t\t\t\t\t\t\t\t\t\t<\/a>\n\t\t\t\t\t\t\t<a class=\"e-gallery-item elementor-gallery-item elementor-animated-content\" href=\"https:\/\/www.turismovillanuevadelosinfantes.es\/wp-content\/uploads\/2024\/08\/IMG_6452-scaled.jpg\" data-elementor-open-lightbox=\"yes\" data-elementor-lightbox-slideshow=\"827bc1d\" data-elementor-lightbox-title=\"IMG_6452\" data-e-action-hash=\"#elementor-action%3Aaction%3Dlightbox%26settings%3DeyJpZCI6MzE0MSwidXJsIjoiaHR0cHM6XC9cL3d3dy50dXJpc21vdmlsbGFudWV2YWRlbG9zaW5mYW50ZXMuZXNcL3dwLWNvbnRlbnRcL3VwbG9hZHNcLzIwMjRcLzA4XC9JTUdfNjQ1Mi1zY2FsZWQuanBnIiwic2xpZGVzaG93IjoiODI3YmMxZCJ9\">\n\t\t\t\t\t<div class=\"e-gallery-image elementor-gallery-item__image\" data-thumbnail=\"https:\/\/www.turismovillanuevadelosinfantes.es\/wp-content\/uploads\/2024\/08\/IMG_6452-200x300.jpg\" data-width=\"200\" data-height=\"300\" aria-label=\"\" role=\"img\" ><\/div>\n\t\t\t\t\t\t\t\t\t\t\t<div class=\"elementor-gallery-item__overlay\"><\/div>\n\t\t\t\t\t\t\t\t\t\t\t\t\t\t<\/a>\n\t\t\t\t\t\t\t<a class=\"e-gallery-item elementor-gallery-item elementor-animated-content\" href=\"https:\/\/www.turismovillanuevadelosinfantes.es\/wp-content\/uploads\/2022\/03\/Iglesia-San-Andres-1.jpg\" data-elementor-open-lightbox=\"yes\" data-elementor-lightbox-slideshow=\"827bc1d\" data-elementor-lightbox-title=\"Iglesia San Andr\u00e9s (1)\" data-e-action-hash=\"#elementor-action%3Aaction%3Dlightbox%26settings%3DeyJpZCI6Mjg0OSwidXJsIjoiaHR0cHM6XC9cL3d3dy50dXJpc21vdmlsbGFudWV2YWRlbG9zaW5mYW50ZXMuZXNcL3dwLWNvbnRlbnRcL3VwbG9hZHNcLzIwMjJcLzAzXC9JZ2xlc2lhLVNhbi1BbmRyZXMtMS5qcGciLCJzbGlkZXNob3ciOiI4MjdiYzFkIn0%3D\">\n\t\t\t\t\t<div class=\"e-gallery-image elementor-gallery-item__image\" data-thumbnail=\"https:\/\/www.turismovillanuevadelosinfantes.es\/wp-content\/uploads\/2022\/03\/Iglesia-San-Andres-1-225x300.jpg\" data-width=\"225\" data-height=\"300\" aria-label=\"\" role=\"img\" ><\/div>\n\t\t\t\t\t\t\t\t\t\t\t<div class=\"elementor-gallery-item__overlay\"><\/div>\n\t\t\t\t\t\t\t\t\t\t\t\t\t\t<\/a>\n\t\t\t\t\t\t\t<a class=\"e-gallery-item elementor-gallery-item elementor-animated-content\" href=\"https:\/\/www.turismovillanuevadelosinfantes.es\/wp-content\/uploads\/2022\/04\/2ff1dad0-862e-4bcb-a3f2-c013e8577fa9.png\" data-elementor-open-lightbox=\"yes\" data-elementor-lightbox-slideshow=\"827bc1d\" data-elementor-lightbox-title=\"Iglesia de San Andr\u00e9s\" data-e-action-hash=\"#elementor-action%3Aaction%3Dlightbox%26settings%3DeyJpZCI6MTI5NiwidXJsIjoiaHR0cHM6XC9cL3d3dy50dXJpc21vdmlsbGFudWV2YWRlbG9zaW5mYW50ZXMuZXNcL3dwLWNvbnRlbnRcL3VwbG9hZHNcLzIwMjJcLzA0XC8yZmYxZGFkMC04NjJlLTRiY2ItYTNmMi1jMDEzZTg1NzdmYTkucG5nIiwic2xpZGVzaG93IjoiODI3YmMxZCJ9\">\n\t\t\t\t\t<div class=\"e-gallery-image elementor-gallery-item__image\" data-thumbnail=\"https:\/\/www.turismovillanuevadelosinfantes.es\/wp-content\/uploads\/2022\/04\/2ff1dad0-862e-4bcb-a3f2-c013e8577fa9-225x300.png\" data-width=\"225\" data-height=\"300\" aria-label=\"\" role=\"img\" ><\/div>\n\t\t\t\t\t\t\t\t\t\t\t<div class=\"elementor-gallery-item__overlay\"><\/div>\n\t\t\t\t\t\t\t\t\t\t\t\t\t\t<\/a>\n\t\t\t\t\t\t\t<a class=\"e-gallery-item elementor-gallery-item elementor-animated-content\" href=\"https:\/\/www.turismovillanuevadelosinfantes.es\/wp-content\/uploads\/2022\/04\/1d737cf8-5de3-44a8-b4af-1f7137bbbb5c.png\" data-elementor-open-lightbox=\"yes\" data-elementor-lightbox-slideshow=\"827bc1d\" data-elementor-lightbox-title=\"Iglesia de San Andr\u00e9s\" data-e-action-hash=\"#elementor-action%3Aaction%3Dlightbox%26settings%3DeyJpZCI6MTI5NywidXJsIjoiaHR0cHM6XC9cL3d3dy50dXJpc21vdmlsbGFudWV2YWRlbG9zaW5mYW50ZXMuZXNcL3dwLWNvbnRlbnRcL3VwbG9hZHNcLzIwMjJcLzA0XC8xZDczN2NmOC01ZGUzLTQ0YTgtYjRhZi0xZjcxMzdiYmJiNWMucG5nIiwic2xpZGVzaG93IjoiODI3YmMxZCJ9\">\n\t\t\t\t\t<div class=\"e-gallery-image elementor-gallery-item__image\" data-thumbnail=\"https:\/\/www.turismovillanuevadelosinfantes.es\/wp-content\/uploads\/2022\/04\/1d737cf8-5de3-44a8-b4af-1f7137bbbb5c-225x300.png\" data-width=\"225\" data-height=\"300\" aria-label=\"\" role=\"img\" ><\/div>\n\t\t\t\t\t\t\t\t\t\t\t<div class=\"elementor-gallery-item__overlay\"><\/div>\n\t\t\t\t\t\t\t\t\t\t\t\t\t\t<\/a>\n\t\t\t\t\t\t\t<a class=\"e-gallery-item elementor-gallery-item elementor-animated-content\" href=\"https:\/\/www.turismovillanuevadelosinfantes.es\/wp-content\/uploads\/2022\/04\/03ec11c8-f484-450c-b85b-607bcb29ab9d.png\" data-elementor-open-lightbox=\"yes\" data-elementor-lightbox-slideshow=\"827bc1d\" data-elementor-lightbox-title=\"Iglesia de San Andr\u00e9s\" data-e-action-hash=\"#elementor-action%3Aaction%3Dlightbox%26settings%3DeyJpZCI6MTI5NCwidXJsIjoiaHR0cHM6XC9cL3d3dy50dXJpc21vdmlsbGFudWV2YWRlbG9zaW5mYW50ZXMuZXNcL3dwLWNvbnRlbnRcL3VwbG9hZHNcLzIwMjJcLzA0XC8wM2VjMTFjOC1mNDg0LTQ1MGMtYjg1Yi02MDdiY2IyOWFiOWQucG5nIiwic2xpZGVzaG93IjoiODI3YmMxZCJ9\">\n\t\t\t\t\t<div class=\"e-gallery-image elementor-gallery-item__image\" data-thumbnail=\"https:\/\/www.turismovillanuevadelosinfantes.es\/wp-content\/uploads\/2022\/04\/03ec11c8-f484-450c-b85b-607bcb29ab9d-300x225.png\" data-width=\"300\" data-height=\"225\" aria-label=\"\" role=\"img\" ><\/div>\n\t\t\t\t\t\t\t\t\t\t\t<div class=\"elementor-gallery-item__overlay\"><\/div>\n\t\t\t\t\t\t\t\t\t\t\t\t\t\t<\/a>\n\t\t\t\t\t\t\t<a class=\"e-gallery-item elementor-gallery-item elementor-animated-content\" href=\"https:\/\/www.turismovillanuevadelosinfantes.es\/wp-content\/uploads\/2022\/04\/b05e3997-faab-40ff-abc9-068deca2bbc1.png\" data-elementor-open-lightbox=\"yes\" data-elementor-lightbox-slideshow=\"827bc1d\" data-elementor-lightbox-title=\"Iglesia de San Andr\u00e9s\" data-e-action-hash=\"#elementor-action%3Aaction%3Dlightbox%26settings%3DeyJpZCI6MTI5MywidXJsIjoiaHR0cHM6XC9cL3d3dy50dXJpc21vdmlsbGFudWV2YWRlbG9zaW5mYW50ZXMuZXNcL3dwLWNvbnRlbnRcL3VwbG9hZHNcLzIwMjJcLzA0XC9iMDVlMzk5Ny1mYWFiLTQwZmYtYWJjOS0wNjhkZWNhMmJiYzEucG5nIiwic2xpZGVzaG93IjoiODI3YmMxZCJ9\">\n\t\t\t\t\t<div class=\"e-gallery-image elementor-gallery-item__image\" data-thumbnail=\"https:\/\/www.turismovillanuevadelosinfantes.es\/wp-content\/uploads\/2022\/04\/b05e3997-faab-40ff-abc9-068deca2bbc1-225x300.png\" data-width=\"225\" data-height=\"300\" aria-label=\"\" role=\"img\" ><\/div>\n\t\t\t\t\t\t\t\t\t\t\t<div class=\"elementor-gallery-item__overlay\"><\/div>\n\t\t\t\t\t\t\t\t\t\t\t\t\t\t<\/a>\n\t\t\t\t\t\t\t<a class=\"e-gallery-item elementor-gallery-item elementor-animated-content\" href=\"https:\/\/www.turismovillanuevadelosinfantes.es\/wp-content\/uploads\/2022\/05\/IMG_6418-scaled.jpg\" data-elementor-open-lightbox=\"yes\" data-elementor-lightbox-slideshow=\"827bc1d\" data-elementor-lightbox-title=\"Museos parroquiales\" data-e-action-hash=\"#elementor-action%3Aaction%3Dlightbox%26settings%3DeyJpZCI6MTc4NCwidXJsIjoiaHR0cHM6XC9cL3d3dy50dXJpc21vdmlsbGFudWV2YWRlbG9zaW5mYW50ZXMuZXNcL3dwLWNvbnRlbnRcL3VwbG9hZHNcLzIwMjJcLzA1XC9JTUdfNjQxOC1zY2FsZWQuanBnIiwic2xpZGVzaG93IjoiODI3YmMxZCJ9\">\n\t\t\t\t\t<div class=\"e-gallery-image elementor-gallery-item__image\" data-thumbnail=\"https:\/\/www.turismovillanuevadelosinfantes.es\/wp-content\/uploads\/2022\/05\/IMG_6418-300x200.jpg\" data-width=\"300\" data-height=\"200\" aria-label=\"\" role=\"img\" ><\/div>\n\t\t\t\t\t\t\t\t\t\t\t<div class=\"elementor-gallery-item__overlay\"><\/div>\n\t\t\t\t\t\t\t\t\t\t\t\t\t\t<\/a>\n\t\t\t\t\t\t\t<a class=\"e-gallery-item elementor-gallery-item elementor-animated-content\" href=\"https:\/\/www.turismovillanuevadelosinfantes.es\/wp-content\/uploads\/2022\/05\/organo-enderezado.png\" data-elementor-open-lightbox=\"yes\" data-elementor-lightbox-slideshow=\"827bc1d\" data-elementor-lightbox-title=\"\u00d3rgano Hist\u00f3rico de Henry Speechly\" data-e-action-hash=\"#elementor-action%3Aaction%3Dlightbox%26settings%3DeyJpZCI6MTgzOSwidXJsIjoiaHR0cHM6XC9cL3d3dy50dXJpc21vdmlsbGFudWV2YWRlbG9zaW5mYW50ZXMuZXNcL3dwLWNvbnRlbnRcL3VwbG9hZHNcLzIwMjJcLzA1XC9vcmdhbm8tZW5kZXJlemFkby5wbmciLCJzbGlkZXNob3ciOiI4MjdiYzFkIn0%3D\">\n\t\t\t\t\t<div class=\"e-gallery-image elementor-gallery-item__image\" data-thumbnail=\"https:\/\/www.turismovillanuevadelosinfantes.es\/wp-content\/uploads\/2022\/05\/organo-enderezado-208x300.png\" data-width=\"208\" data-height=\"300\" aria-label=\"\" role=\"img\" ><\/div>\n\t\t\t\t\t\t\t\t\t\t\t<div class=\"elementor-gallery-item__overlay\"><\/div>\n\t\t\t\t\t\t\t\t\t\t\t\t\t\t<\/a>\n\t\t\t\t\t<\/div>\n\t\t\t\t\t<\/div>\n\t\t\t\t<\/div>\n\t\t\t\t\t<\/div>\n\t\t<\/div>\n\t\t\t\t\t<\/div>\n\t\t<\/section>\n\t\t\t\t<\/div>","protected":false},"excerpt":{"rendered":"<p><span style=\"color: #a31c1c;\">Direcci\u00f3n:\u00a0<\/span>Plaza Mayor, 1\u00a0<a href=\"https:\/\/goo.gl\/maps\/caowNQKKF618SWAs5\" target=\"_blank\" rel=\"noreferrer noopener\">(Ver en Google Maps)<\/a><\/p>\n<p><span style=\"color: #a31c1c;\">Horario:\u00a0<\/span>Lunes a s\u00e1bado 11:30 &#8211; 12:30 y 17:00h &#8211; 18:00h .<br \/>\nDomingo 11:00h &#8211; 12:00 h.<\/p>\n<p><span style=\"color: #a31c1c;\">Entrada:\u00a0<\/span>:\u00a0<\/span> General 2\u20ac (Reducida 1\u20ac).<\/p>","protected":false},"author":1,"featured_media":3141,"comment_status":"closed","ping_status":"closed","sticky":false,"template":"","format":"standard","meta":{"footnotes":""},"categories":[8],"tags":[],"class_list":["post-357","post","type-post","status-publish","format-standard","has-post-thumbnail","hentry","category-arquitectura-religiosa"],"_links":{"self":[{"href":"https:\/\/www.turismovillanuevadelosinfantes.es\/en\/wp-json\/wp\/v2\/posts\/357","targetHints":{"allow":["GET"]}}],"collection":[{"href":"https:\/\/www.turismovillanuevadelosinfantes.es\/en\/wp-json\/wp\/v2\/posts"}],"about":[{"href":"https:\/\/www.turismovillanuevadelosinfantes.es\/en\/wp-json\/wp\/v2\/types\/post"}],"author":[{"embeddable":true,"href":"https:\/\/www.turismovillanuevadelosinfantes.es\/en\/wp-json\/wp\/v2\/users\/1"}],"replies":[{"embeddable":true,"href":"https:\/\/www.turismovillanuevadelosinfantes.es\/en\/wp-json\/wp\/v2\/comments?post=357"}],"version-history":[{"count":54,"href":"https:\/\/www.turismovillanuevadelosinfantes.es\/en\/wp-json\/wp\/v2\/posts\/357\/revisions"}],"predecessor-version":[{"id":3543,"href":"https:\/\/www.turismovillanuevadelosinfantes.es\/en\/wp-json\/wp\/v2\/posts\/357\/revisions\/3543"}],"wp:featuredmedia":[{"embeddable":true,"href":"https:\/\/www.turismovillanuevadelosinfantes.es\/en\/wp-json\/wp\/v2\/media\/3141"}],"wp:attachment":[{"href":"https:\/\/www.turismovillanuevadelosinfantes.es\/en\/wp-json\/wp\/v2\/media?parent=357"}],"wp:term":[{"taxonomy":"category","embeddable":true,"href":"https:\/\/www.turismovillanuevadelosinfantes.es\/en\/wp-json\/wp\/v2\/categories?post=357"},{"taxonomy":"post_tag","embeddable":true,"href":"https:\/\/www.turismovillanuevadelosinfantes.es\/en\/wp-json\/wp\/v2\/tags?post=357"}],"curies":[{"name":"wp","href":"https:\/\/api.w.org\/{rel}","templated":true}]}}