{"id":3157,"date":"2024-08-28T10:36:55","date_gmt":"2024-08-28T10:36:55","guid":{"rendered":"https:\/\/www.turismovillanuevadelosinfantes.es\/?p=3157"},"modified":"2025-09-11T12:22:52","modified_gmt":"2025-09-11T12:22:52","slug":"museo-de-arte-contemporaneo-el-mercado","status":"publish","type":"post","link":"https:\/\/www.turismovillanuevadelosinfantes.es\/en\/museo-de-arte-contemporaneo-el-mercado\/","title":{"rendered":"Museo de Arte Contempor\u00e1neo &#8216;El Mercado&#8217;"},"content":{"rendered":"<div data-elementor-type=\"wp-post\" data-elementor-id=\"3157\" class=\"elementor elementor-3157\" data-elementor-post-type=\"post\">\n\t\t\t\t\t\t<section class=\"elementor-section elementor-top-section elementor-element elementor-element-7eb1e891 elementor-section-boxed elementor-section-height-default elementor-section-height-default\" data-id=\"7eb1e891\" data-element_type=\"section\">\n\t\t\t\t\t\t<div class=\"elementor-container elementor-column-gap-default\">\n\t\t\t\t\t<div class=\"elementor-column elementor-col-100 elementor-top-column elementor-element elementor-element-1238bdf0\" data-id=\"1238bdf0\" data-element_type=\"column\">\n\t\t\t<div class=\"elementor-widget-wrap elementor-element-populated\">\n\t\t\t\t\t\t<div class=\"elementor-element elementor-element-4aecf01d elementor-widget elementor-widget-text-editor\" data-id=\"4aecf01d\" data-element_type=\"widget\" data-widget_type=\"text-editor.default\">\n\t\t\t\t<div class=\"elementor-widget-container\">\n\t\t\t\t\t\t\t\t\t<p><\/p>\n<p>En marzo de 2011 se inaugura este espacio cultural en la planta alta del mercado de Villanueva de los Infantes. 500 metros cuadrados en pleno casco hist\u00f3rico dedicados al arte contempor\u00e1neo espa\u00f1ol. El complemento perfecto a la monumentalidad de la ciudad, en el que tienen cabida pinturas, esculturas y fotograf\u00edas de los artistas m\u00e1s representativos del arte espa\u00f1ol de los siglos XX y XXI.<br \/>En la calle Cervantes, en la planta alta del Mercado, nos encontramos con un edificio cuya cubierta la forma una estructura de cerchas de hormig\u00f3n pretensado construida en los a\u00f1os 60. Se trata de un museo moderno y funcional que alberga, como exposici\u00f3n permanente, la colecci\u00f3n Himalaya de arte contempor\u00e1neo espa\u00f1ol. El Museo cuenta tambi\u00e9n con salas para exposiciones temporales.<\/p>\n<figure class=\"wp-block-gallery has-nested-images columns-default is-cropped\">\n<p><\/p>\n<\/figure>\n<p><!-- \/wp:gallery --><\/p>\t\t\t\t\t\t\t\t<\/div>\n\t\t\t\t<\/div>\n\t\t\t\t\t<\/div>\n\t\t<\/div>\n\t\t\t\t\t<\/div>\n\t\t<\/section>\n\t\t\t\t<section class=\"elementor-section elementor-top-section elementor-element elementor-element-8085b3e elementor-section-boxed elementor-section-height-default elementor-section-height-default\" data-id=\"8085b3e\" data-element_type=\"section\">\n\t\t\t\t\t\t<div class=\"elementor-container elementor-column-gap-default\">\n\t\t\t\t\t<div class=\"elementor-column elementor-col-100 elementor-top-column elementor-element elementor-element-99d732a\" data-id=\"99d732a\" data-element_type=\"column\">\n\t\t\t<div class=\"elementor-widget-wrap elementor-element-populated\">\n\t\t\t\t\t\t<div class=\"elementor-element elementor-element-0964d82 elementor-widget elementor-widget-heading\" data-id=\"0964d82\" data-element_type=\"widget\" data-widget_type=\"heading.default\">\n\t\t\t\t<div class=\"elementor-widget-container\">\n\t\t\t\t\t<h3 class=\"elementor-heading-title elementor-size-default\">Galer\u00eda de im\u00e1genes<\/h3>\t\t\t\t<\/div>\n\t\t\t\t<\/div>\n\t\t\t\t<div class=\"elementor-element elementor-element-14a2c90 elementor-widget elementor-widget-gallery\" data-id=\"14a2c90\" data-element_type=\"widget\" data-settings=\"{&quot;columns&quot;:3,&quot;aspect_ratio&quot;:&quot;1:1&quot;,&quot;lazyload&quot;:&quot;yes&quot;,&quot;gallery_layout&quot;:&quot;grid&quot;,&quot;columns_tablet&quot;:2,&quot;columns_mobile&quot;:1,&quot;gap&quot;:{&quot;unit&quot;:&quot;px&quot;,&quot;size&quot;:10,&quot;sizes&quot;:[]},&quot;gap_tablet&quot;:{&quot;unit&quot;:&quot;px&quot;,&quot;size&quot;:10,&quot;sizes&quot;:[]},&quot;gap_mobile&quot;:{&quot;unit&quot;:&quot;px&quot;,&quot;size&quot;:10,&quot;sizes&quot;:[]},&quot;link_to&quot;:&quot;file&quot;,&quot;overlay_background&quot;:&quot;yes&quot;,&quot;content_hover_animation&quot;:&quot;fade-in&quot;}\" data-widget_type=\"gallery.default\">\n\t\t\t\t<div class=\"elementor-widget-container\">\n\t\t\t\t\t\t\t<div class=\"elementor-gallery__container\">\n\t\t\t\t\t\t\t<a class=\"e-gallery-item elementor-gallery-item elementor-animated-content\" href=\"https:\/\/www.turismovillanuevadelosinfantes.es\/wp-content\/uploads\/2022\/03\/Visita-guiada-Museo.jpg\" data-elementor-open-lightbox=\"yes\" data-elementor-lightbox-slideshow=\"14a2c90\" data-elementor-lightbox-title=\"Visita guiada Museo\" data-e-action-hash=\"#elementor-action%3Aaction%3Dlightbox%26settings%3DeyJpZCI6NTU4LCJ1cmwiOiJodHRwczpcL1wvd3d3LnR1cmlzbW92aWxsYW51ZXZhZGVsb3NpbmZhbnRlcy5lc1wvd3AtY29udGVudFwvdXBsb2Fkc1wvMjAyMlwvMDNcL1Zpc2l0YS1ndWlhZGEtTXVzZW8uanBnIiwic2xpZGVzaG93IjoiMTRhMmM5MCJ9\">\n\t\t\t\t\t<div class=\"e-gallery-image elementor-gallery-item__image\" data-thumbnail=\"https:\/\/www.turismovillanuevadelosinfantes.es\/wp-content\/uploads\/2022\/03\/Visita-guiada-Museo.jpg\" data-width=\"225\" data-height=\"300\" aria-label=\"\" role=\"img\" ><\/div>\n\t\t\t\t\t\t\t\t\t\t\t<div class=\"elementor-gallery-item__overlay\"><\/div>\n\t\t\t\t\t\t\t\t\t\t\t\t\t\t<\/a>\n\t\t\t\t\t\t\t<a class=\"e-gallery-item elementor-gallery-item elementor-animated-content\" href=\"https:\/\/www.turismovillanuevadelosinfantes.es\/wp-content\/uploads\/2022\/04\/museo.jpg\" data-elementor-open-lightbox=\"yes\" data-elementor-lightbox-slideshow=\"14a2c90\" data-elementor-lightbox-title=\"Museo de Arte Contempor\u00e1neo El Mercado\" data-e-action-hash=\"#elementor-action%3Aaction%3Dlightbox%26settings%3DeyJpZCI6MTM5NCwidXJsIjoiaHR0cHM6XC9cL3d3dy50dXJpc21vdmlsbGFudWV2YWRlbG9zaW5mYW50ZXMuZXNcL3dwLWNvbnRlbnRcL3VwbG9hZHNcLzIwMjJcLzA0XC9tdXNlby5qcGciLCJzbGlkZXNob3ciOiIxNGEyYzkwIn0%3D\">\n\t\t\t\t\t<div class=\"e-gallery-image elementor-gallery-item__image\" data-thumbnail=\"https:\/\/www.turismovillanuevadelosinfantes.es\/wp-content\/uploads\/2022\/04\/museo-300x171.jpg\" data-width=\"300\" data-height=\"171\" aria-label=\"\" role=\"img\" ><\/div>\n\t\t\t\t\t\t\t\t\t\t\t<div class=\"elementor-gallery-item__overlay\"><\/div>\n\t\t\t\t\t\t\t\t\t\t\t\t\t\t<\/a>\n\t\t\t\t\t\t\t<a class=\"e-gallery-item elementor-gallery-item elementor-animated-content\" href=\"https:\/\/www.turismovillanuevadelosinfantes.es\/wp-content\/uploads\/2022\/05\/MAC-Infantes-Expo-Instantes-decisivos-de-la-fotografia-4.jpeg\" data-elementor-open-lightbox=\"yes\" data-elementor-lightbox-slideshow=\"14a2c90\" data-elementor-lightbox-title=\"Museo de Arte Contempor\u00e1neo El Mercado\" data-e-action-hash=\"#elementor-action%3Aaction%3Dlightbox%26settings%3DeyJpZCI6MTgxOSwidXJsIjoiaHR0cHM6XC9cL3d3dy50dXJpc21vdmlsbGFudWV2YWRlbG9zaW5mYW50ZXMuZXNcL3dwLWNvbnRlbnRcL3VwbG9hZHNcLzIwMjJcLzA1XC9NQUMtSW5mYW50ZXMtRXhwby1JbnN0YW50ZXMtZGVjaXNpdm9zLWRlLWxhLWZvdG9ncmFmaWEtNC5qcGVnIiwic2xpZGVzaG93IjoiMTRhMmM5MCJ9\">\n\t\t\t\t\t<div class=\"e-gallery-image elementor-gallery-item__image\" data-thumbnail=\"https:\/\/www.turismovillanuevadelosinfantes.es\/wp-content\/uploads\/2022\/05\/MAC-Infantes-Expo-Instantes-decisivos-de-la-fotografia-4-300x171.jpeg\" data-width=\"300\" data-height=\"171\" aria-label=\"\" role=\"img\" ><\/div>\n\t\t\t\t\t\t\t\t\t\t\t<div class=\"elementor-gallery-item__overlay\"><\/div>\n\t\t\t\t\t\t\t\t\t\t\t\t\t\t<\/a>\n\t\t\t\t\t<\/div>\n\t\t\t\t\t<\/div>\n\t\t\t\t<\/div>\n\t\t\t\t\t<\/div>\n\t\t<\/div>\n\t\t\t\t\t<\/div>\n\t\t<\/section>\n\t\t\t\t<\/div>","protected":false},"excerpt":{"rendered":"<p><span style=\"color: #a31c1c;\">Direcci\u00f3n:\u00a0<\/span>Calle Cervantes, 16 <a href=\"https:\/\/maps.app.goo.gl\/fxgCojNAkdPbAf5n6\" target=\"_blank\" rel=\"noreferrer noopener\">(Ver en Google Maps)<\/a><\/p>\n<p><span style=\"color: #a31c1c;\">Horario:\u00a0<\/span><br \/>\nLunes a S\u00e1bado de 10:00h a 14:00h y de 16:30h a 19:00h<br \/>\nDomingo de 10:00h a 14:00h\n<\/p>\n<p><span style=\"color: #a31c1c;\">Entrada:\u00a0<\/span>Gratuita..<\/p>\n<p><span style=\"color: #a31c1c;\">P\u00e1gina web:\u00a0<\/span><a target=\"_blank\" rel=\"noopener noreferrer\" href=\"https:\/\/museoinfantes.com\/\">museoinfantes.com<\/a>.<\/p>","protected":false},"author":1,"featured_media":1819,"comment_status":"open","ping_status":"open","sticky":false,"template":"","format":"standard","meta":{"footnotes":""},"categories":[9],"tags":[],"class_list":["post-3157","post","type-post","status-publish","format-standard","has-post-thumbnail","hentry","category-arquitectura-civil"],"_links":{"self":[{"href":"https:\/\/www.turismovillanuevadelosinfantes.es\/en\/wp-json\/wp\/v2\/posts\/3157","targetHints":{"allow":["GET"]}}],"collection":[{"href":"https:\/\/www.turismovillanuevadelosinfantes.es\/en\/wp-json\/wp\/v2\/posts"}],"about":[{"href":"https:\/\/www.turismovillanuevadelosinfantes.es\/en\/wp-json\/wp\/v2\/types\/post"}],"author":[{"embeddable":true,"href":"https:\/\/www.turismovillanuevadelosinfantes.es\/en\/wp-json\/wp\/v2\/users\/1"}],"replies":[{"embeddable":true,"href":"https:\/\/www.turismovillanuevadelosinfantes.es\/en\/wp-json\/wp\/v2\/comments?post=3157"}],"version-history":[{"count":17,"href":"https:\/\/www.turismovillanuevadelosinfantes.es\/en\/wp-json\/wp\/v2\/posts\/3157\/revisions"}],"predecessor-version":[{"id":3444,"href":"https:\/\/www.turismovillanuevadelosinfantes.es\/en\/wp-json\/wp\/v2\/posts\/3157\/revisions\/3444"}],"wp:featuredmedia":[{"embeddable":true,"href":"https:\/\/www.turismovillanuevadelosinfantes.es\/en\/wp-json\/wp\/v2\/media\/1819"}],"wp:attachment":[{"href":"https:\/\/www.turismovillanuevadelosinfantes.es\/en\/wp-json\/wp\/v2\/media?parent=3157"}],"wp:term":[{"taxonomy":"category","embeddable":true,"href":"https:\/\/www.turismovillanuevadelosinfantes.es\/en\/wp-json\/wp\/v2\/categories?post=3157"},{"taxonomy":"post_tag","embeddable":true,"href":"https:\/\/www.turismovillanuevadelosinfantes.es\/en\/wp-json\/wp\/v2\/tags?post=3157"}],"curies":[{"name":"wp","href":"https:\/\/api.w.org\/{rel}","templated":true}]}}