{"id":2154,"date":"2024-02-22T09:11:42","date_gmt":"2024-02-22T09:11:42","guid":{"rendered":"https:\/\/www.turismovillanuevadelosinfantes.es\/?p=2154"},"modified":"2026-01-13T08:19:55","modified_gmt":"2026-01-13T08:19:55","slug":"casa-de-rueda","status":"publish","type":"post","link":"https:\/\/www.turismovillanuevadelosinfantes.es\/en\/casa-de-rueda\/","title":{"rendered":"Casa de Rueda &#8211; Biblioteca del Quijote"},"content":{"rendered":"<div data-elementor-type=\"wp-post\" data-elementor-id=\"2154\" class=\"elementor elementor-2154\" data-elementor-post-type=\"post\">\n\t\t\t\t\t\t<section class=\"elementor-section elementor-top-section elementor-element elementor-element-de1a554 elementor-section-boxed elementor-section-height-default elementor-section-height-default\" data-id=\"de1a554\" data-element_type=\"section\">\n\t\t\t\t\t\t<div class=\"elementor-container elementor-column-gap-default\">\n\t\t\t\t\t<div class=\"elementor-column elementor-col-100 elementor-top-column elementor-element elementor-element-62b1b31\" data-id=\"62b1b31\" data-element_type=\"column\">\n\t\t\t<div class=\"elementor-widget-wrap elementor-element-populated\">\n\t\t\t\t\t\t<div class=\"elementor-element elementor-element-c216d2f elementor-widget elementor-widget-text-editor\" data-id=\"c216d2f\" data-element_type=\"widget\" data-widget_type=\"text-editor.default\">\n\t\t\t\t<div class=\"elementor-widget-container\">\n\t\t\t\t\t\t\t\t\t<p><\/p>\n<p>La Casa de Rueda conserva la fachada del siglo XIX de car\u00e1cter historicista con simetr\u00eda de los vanos y magn\u00edfica rejer\u00eda en balcones, teniendo frontones en los extremos y estructuras triangulares en los centrales con elementos vegetales. En el interior se ha reproducido el canon de un patio castellano, conservando estructura de la fuente original.<\/p>\n<figure>\n<figure><\/figure>\n<p><\/p>\n<p><\/p>\n<p><\/p>\n<\/figure>\n<p><!-- \/wp:gallery --><\/p>\t\t\t\t\t\t\t\t<\/div>\n\t\t\t\t<\/div>\n\t\t\t\t<div class=\"elementor-element elementor-element-b74d459 elementor-widget elementor-widget-heading\" data-id=\"b74d459\" data-element_type=\"widget\" data-widget_type=\"heading.default\">\n\t\t\t\t<div class=\"elementor-widget-container\">\n\t\t\t\t\t<h3 class=\"elementor-heading-title elementor-size-default\">Museo Cient\u00edfico \u201cEl Lugar de La Mancha\u201d <\/h3>\t\t\t\t<\/div>\n\t\t\t\t<\/div>\n\t\t\t\t<div class=\"elementor-element elementor-element-67ca889 elementor-widget elementor-widget-text-editor\" data-id=\"67ca889\" data-element_type=\"widget\" data-widget_type=\"text-editor.default\">\n\t\t\t\t<div class=\"elementor-widget-container\">\n\t\t\t\t\t\t\t\t\t<p style=\"text-align: justify;\">El patio de la Casa de Rueda alberga el primer museo cient\u00edfico del mundo sobre \u201cel Lugar de La Mancha\u201d mencionado por Cervantes como punto de partida de las aventuras de Don Quijote. En \u00e9l se exponen los diecis\u00e9is hechos verificables que suponen el eje del estudio universitario que en 2005 determin\u00f3 que Villanueva de los Infantes es, efectivamente, dicho \u201cLugar de La Mancha\u201d. La investigaci\u00f3n fue realizada por un equipo cient\u00edfico multidisciplinar de la Universidad Complutense de Madrid, integrado por diez expertos en Geograf\u00eda, Historia, Filolog\u00eda, Sociolog\u00eda, Matem\u00e1ticas y Ciencias de la Informaci\u00f3n, dirigido por los catedr\u00e1ticos de Sociolog\u00eda Don Francisco Parra Luna, de Relaciones Internacionales Don Santiago Petschen y el literato don Manuel Fern\u00e1ndez Nieto.<\/p>\n<p style=\"text-align: justify;\">\u00a0 <br \/>En el museo no solo se exhiben las conclusiones del estudio, sino tambi\u00e9n otros aspectos culturales y acad\u00e9micos de la obra de Cervantes as\u00ed como su impacto a nivel global. La exposici\u00f3n se completar\u00e1 pr\u00f3ximamente con los fondos bibliogr\u00e1ficos de la Biblioteca Municipal \u201cQuevedo\u201d, que encierran algunas de las joyas literarias atesoradas a lo largo de los a\u00f1os y que forman parte de la secci\u00f3n cervantina de la biblioteca.<\/p>\n<figure>\n<figure><\/figure>\n<p><!-- \/wp:image --><\/p>\n<p><!-- wp:image {\"id\":1536,\"sizeSlug\":\"large\",\"linkDestination\":\"media\",\"className\":\"is-style-default\"} --><\/p>\n<figure><\/figure>\n<p><!-- \/wp:image --><\/p>\n<p><!-- wp:image {\"id\":1534,\"sizeSlug\":\"large\",\"linkDestination\":\"media\",\"className\":\"is-style-default\"} --><\/p>\n<figure><\/figure>\n<p><!-- \/wp:image --><\/p>\n<\/figure>\n<p><!-- \/wp:gallery --><\/p>\t\t\t\t\t\t\t\t<\/div>\n\t\t\t\t<\/div>\n\t\t\t\t<div class=\"elementor-element elementor-element-661643b elementor-widget elementor-widget-heading\" data-id=\"661643b\" data-element_type=\"widget\" data-widget_type=\"heading.default\">\n\t\t\t\t<div class=\"elementor-widget-container\">\n\t\t\t\t\t<h3 class=\"elementor-heading-title elementor-size-default\">Centro de Interpretaci\u00f3n de Villanueva de los Infantes (CIVI)<br><br><\/h3>\t\t\t\t<\/div>\n\t\t\t\t<\/div>\n\t\t\t\t<div class=\"elementor-element elementor-element-9f15763 elementor-widget elementor-widget-text-editor\" data-id=\"9f15763\" data-element_type=\"widget\" data-widget_type=\"text-editor.default\">\n\t\t\t\t<div class=\"elementor-widget-container\">\n\t\t\t\t\t\t\t\t\t<p style=\"text-align: justify;\">El Centro de Interpretaci\u00f3n de Villanueva de los Infantes abri\u00f3 sus puertas en 2023 con una secci\u00f3n dedicada a la Arqueolog\u00eda en la que, de manera tan rigurosa como did\u00e1ctica, se aborda la Historia de Villanueva de los Infantes y de la comarca del Campo de Montiel, desde la Prehistoria hasta la Edad del Hierro.<\/p>\n<p style=\"text-align: justify;\">\u00a0 <br \/>La colecci\u00f3n expuesta al p\u00fablico, todav\u00eda en fase de inventario, atesora piezas arqueol\u00f3gicas de gran relevancia (desde hachas prehist\u00f3ricas hasta monedas medievales, pasando por cer\u00e1micas ib\u00e9ricas, griegas o romanas), a la que se suma una maqueta del cercano valle del r\u00edo Jabal\u00f3n, donde se encuentran los principales yacimientos representados; adem\u00e1s de paneles explicativos, elementos interactivos y un \u00e1rea de esparcimiento para ni\u00f1os. Todo ello conforme a un discurso expositivo y cient\u00edfico actual y atractivo, que prima la comprensi\u00f3n, desde la perspectiva actual, de la actividad y las relaciones humanas en su contexto hist\u00f3rico y ambiental.<\/p>\n<figure>\n<figure><\/figure>\n<p><!-- \/wp:image --><\/p>\n<p><!-- wp:image {\"id\":1536,\"sizeSlug\":\"large\",\"linkDestination\":\"media\",\"className\":\"is-style-default\"} --><\/p>\n<figure><\/figure>\n<p><!-- \/wp:image --><\/p>\n<p><!-- wp:image {\"id\":1534,\"sizeSlug\":\"large\",\"linkDestination\":\"media\",\"className\":\"is-style-default\"} --><\/p>\n<figure><\/figure>\n<p><!-- \/wp:image --><\/p>\n<\/figure>\n<p><!-- \/wp:gallery --><\/p>\t\t\t\t\t\t\t\t<\/div>\n\t\t\t\t<\/div>\n\t\t\t\t<div class=\"elementor-element elementor-element-fdc7b2d elementor-widget elementor-widget-heading\" data-id=\"fdc7b2d\" data-element_type=\"widget\" data-widget_type=\"heading.default\">\n\t\t\t\t<div class=\"elementor-widget-container\">\n\t\t\t\t\t<h3 class=\"elementor-heading-title elementor-size-default\">Biblioteca de Don Quijote<br><br><\/h3>\t\t\t\t<\/div>\n\t\t\t\t<\/div>\n\t\t\t\t<div class=\"elementor-element elementor-element-4e839db elementor-widget elementor-widget-text-editor\" data-id=\"4e839db\" data-element_type=\"widget\" data-widget_type=\"text-editor.default\">\n\t\t\t\t<div class=\"elementor-widget-container\">\n\t\t\t\t\t\t\t\t\t<p style=\"text-align: justify;\">Villanueva de los Infantes suma otro atractivo cultural y tur\u00edstico m\u00e1s a la localidad con la inauguraci\u00f3n de la Biblioteca de Don Quijote, situada en la Casa de Rueda, donde vecinos y visitantes podr\u00e1n contemplar una colecci\u00f3n bibliogr\u00e1fica con diferentes ejemplares del Quijote, con ilustraciones, diferentes idiomas e incluso una edici\u00f3n creada por los infante\u00f1os.<\/p>\n<div class=\"jeg_ad jeg_ad_article jnews_content_inline_3_ads\">\n<div class=\"ads-wrapper align-center\">\n<p style=\"text-align: justify;\">\u00a0<\/p>\n<p style=\"text-align: justify;\">A su lado se encuentra una recreaci\u00f3n de la biblioteca de Don Quijote de La Mancha. La escultura, realizada por Rafael Migall\u00f3n, es de tama\u00f1o natural, hecha de madera y con telas encoladas.<\/p>\n<p style=\"text-align: justify;\">\u00a0<\/p>\n<div class=\"jnews_inline_related_post_wrapper left\">\n<div class=\"jnews_inline_related_post\">\n<div class=\"jeg_block_heading jeg_block_heading_8 jeg_subcat_right\">\n<p style=\"text-align: justify;\">Un espacio tambi\u00e9n para reivindicar que Villanueva de los Infantes es el lugar cuyo nombre no quiso acordarse Cervantes, a trav\u00e9s de 16 paneles con hechos verificables y en la parte de arriba con las conclusiones de este estudio. Todo ello con la colaboraci\u00f3n del cervantista Francisco Parra.<\/p>\n<p style=\"text-align: justify;\">\u00a0<\/p>\n<p style=\"text-align: justify;\">Tres paradas obligatorias que todo infante\u00f1o y visitante debe hacer en la localidad.<\/p>\n<p style=\"text-align: justify;\">\u00a0<\/p>\n<\/div>\n<\/div>\n<\/div>\n<\/div>\n<\/div>\n<figure>\n<figure><\/figure>\n<p><!-- \/wp:image --><\/p>\n<p><!-- wp:image {\"id\":1536,\"sizeSlug\":\"large\",\"linkDestination\":\"media\",\"className\":\"is-style-default\"} --><\/p>\n<figure><\/figure>\n<p><!-- \/wp:image --><\/p>\n<p><!-- wp:image {\"id\":1534,\"sizeSlug\":\"large\",\"linkDestination\":\"media\",\"className\":\"is-style-default\"} --><\/p>\n<figure><\/figure>\n<p><!-- \/wp:image --><\/p>\n<\/figure>\n<p><!-- \/wp:gallery --><\/p>\t\t\t\t\t\t\t\t<\/div>\n\t\t\t\t<\/div>\n\t\t\t\t\t<\/div>\n\t\t<\/div>\n\t\t\t\t\t<\/div>\n\t\t<\/section>\n\t\t\t\t<section class=\"elementor-section elementor-top-section elementor-element elementor-element-c536490 elementor-section-boxed elementor-section-height-default elementor-section-height-default\" data-id=\"c536490\" data-element_type=\"section\">\n\t\t\t\t\t\t<div class=\"elementor-container elementor-column-gap-default\">\n\t\t\t\t\t<div class=\"elementor-column elementor-col-100 elementor-top-column elementor-element elementor-element-1cd8cbb\" data-id=\"1cd8cbb\" data-element_type=\"column\">\n\t\t\t<div class=\"elementor-widget-wrap elementor-element-populated\">\n\t\t\t\t\t\t<div class=\"elementor-element elementor-element-596a250 elementor-widget elementor-widget-heading\" data-id=\"596a250\" data-element_type=\"widget\" data-widget_type=\"heading.default\">\n\t\t\t\t<div class=\"elementor-widget-container\">\n\t\t\t\t\t<h3 class=\"elementor-heading-title elementor-size-default\">Galer\u00eda de im\u00e1genes<\/h3>\t\t\t\t<\/div>\n\t\t\t\t<\/div>\n\t\t\t\t<div class=\"elementor-element elementor-element-cae1931 elementor-widget elementor-widget-gallery\" data-id=\"cae1931\" data-element_type=\"widget\" data-settings=\"{&quot;columns&quot;:3,&quot;aspect_ratio&quot;:&quot;1:1&quot;,&quot;lazyload&quot;:&quot;yes&quot;,&quot;gallery_layout&quot;:&quot;grid&quot;,&quot;columns_tablet&quot;:2,&quot;columns_mobile&quot;:1,&quot;gap&quot;:{&quot;unit&quot;:&quot;px&quot;,&quot;size&quot;:10,&quot;sizes&quot;:[]},&quot;gap_tablet&quot;:{&quot;unit&quot;:&quot;px&quot;,&quot;size&quot;:10,&quot;sizes&quot;:[]},&quot;gap_mobile&quot;:{&quot;unit&quot;:&quot;px&quot;,&quot;size&quot;:10,&quot;sizes&quot;:[]},&quot;link_to&quot;:&quot;file&quot;,&quot;overlay_background&quot;:&quot;yes&quot;,&quot;content_hover_animation&quot;:&quot;fade-in&quot;}\" data-widget_type=\"gallery.default\">\n\t\t\t\t<div class=\"elementor-widget-container\">\n\t\t\t\t\t\t\t<div class=\"elementor-gallery__container\">\n\t\t\t\t\t\t\t<a class=\"e-gallery-item elementor-gallery-item elementor-animated-content\" href=\"https:\/\/www.turismovillanuevadelosinfantes.es\/wp-content\/uploads\/2024\/03\/Casa-Rueda-scaled.jpg\" data-elementor-open-lightbox=\"yes\" data-elementor-lightbox-slideshow=\"cae1931\" data-elementor-lightbox-title=\"OLYMPUS DIGITAL CAMERA\" data-e-action-hash=\"#elementor-action%3Aaction%3Dlightbox%26settings%3DeyJpZCI6MjIwNSwidXJsIjoiaHR0cHM6XC9cL3d3dy50dXJpc21vdmlsbGFudWV2YWRlbG9zaW5mYW50ZXMuZXNcL3dwLWNvbnRlbnRcL3VwbG9hZHNcLzIwMjRcLzAzXC9DYXNhLVJ1ZWRhLXNjYWxlZC5qcGciLCJzbGlkZXNob3ciOiJjYWUxOTMxIn0%3D\">\n\t\t\t\t\t<div class=\"e-gallery-image elementor-gallery-item__image\" data-thumbnail=\"https:\/\/www.turismovillanuevadelosinfantes.es\/wp-content\/uploads\/2024\/03\/Casa-Rueda-300x226.jpg\" data-width=\"300\" data-height=\"226\" aria-label=\"\" role=\"img\" ><\/div>\n\t\t\t\t\t\t\t\t\t\t\t<div class=\"elementor-gallery-item__overlay\"><\/div>\n\t\t\t\t\t\t\t\t\t\t\t\t\t\t<\/a>\n\t\t\t\t\t\t\t<a class=\"e-gallery-item elementor-gallery-item elementor-animated-content\" href=\"https:\/\/www.turismovillanuevadelosinfantes.es\/wp-content\/uploads\/2024\/08\/IMG_0039-scaled.jpg\" data-elementor-open-lightbox=\"yes\" data-elementor-lightbox-slideshow=\"cae1931\" data-elementor-lightbox-title=\"IMG_0039\" data-e-action-hash=\"#elementor-action%3Aaction%3Dlightbox%26settings%3DeyJpZCI6MjYyNiwidXJsIjoiaHR0cHM6XC9cL3d3dy50dXJpc21vdmlsbGFudWV2YWRlbG9zaW5mYW50ZXMuZXNcL3dwLWNvbnRlbnRcL3VwbG9hZHNcLzIwMjRcLzA4XC9JTUdfMDAzOS1zY2FsZWQuanBnIiwic2xpZGVzaG93IjoiY2FlMTkzMSJ9\">\n\t\t\t\t\t<div class=\"e-gallery-image elementor-gallery-item__image\" data-thumbnail=\"https:\/\/www.turismovillanuevadelosinfantes.es\/wp-content\/uploads\/2024\/08\/IMG_0039-300x209.jpg\" data-width=\"300\" data-height=\"209\" aria-label=\"\" role=\"img\" ><\/div>\n\t\t\t\t\t\t\t\t\t\t\t<div class=\"elementor-gallery-item__overlay\"><\/div>\n\t\t\t\t\t\t\t\t\t\t\t\t\t\t<\/a>\n\t\t\t\t\t\t\t<a class=\"e-gallery-item elementor-gallery-item elementor-animated-content\" href=\"https:\/\/www.turismovillanuevadelosinfantes.es\/wp-content\/uploads\/2024\/07\/Casa-de-Rueda-1.jpg\" data-elementor-open-lightbox=\"yes\" data-elementor-lightbox-slideshow=\"cae1931\" data-elementor-lightbox-title=\"Casa de Rueda (1)\" data-e-action-hash=\"#elementor-action%3Aaction%3Dlightbox%26settings%3DeyJpZCI6MjM5MywidXJsIjoiaHR0cHM6XC9cL3d3dy50dXJpc21vdmlsbGFudWV2YWRlbG9zaW5mYW50ZXMuZXNcL3dwLWNvbnRlbnRcL3VwbG9hZHNcLzIwMjRcLzA3XC9DYXNhLWRlLVJ1ZWRhLTEuanBnIiwic2xpZGVzaG93IjoiY2FlMTkzMSJ9\">\n\t\t\t\t\t<div class=\"e-gallery-image elementor-gallery-item__image\" data-thumbnail=\"https:\/\/www.turismovillanuevadelosinfantes.es\/wp-content\/uploads\/2024\/07\/Casa-de-Rueda-1-300x200.jpg\" data-width=\"300\" data-height=\"200\" aria-label=\"\" role=\"img\" ><\/div>\n\t\t\t\t\t\t\t\t\t\t\t<div class=\"elementor-gallery-item__overlay\"><\/div>\n\t\t\t\t\t\t\t\t\t\t\t\t\t\t<\/a>\n\t\t\t\t\t\t\t<a class=\"e-gallery-item elementor-gallery-item elementor-animated-content\" href=\"https:\/\/www.turismovillanuevadelosinfantes.es\/wp-content\/uploads\/2024\/02\/Casa-de-Rueda-I.jpg\" data-elementor-open-lightbox=\"yes\" data-elementor-lightbox-slideshow=\"cae1931\" data-elementor-lightbox-title=\"OLYMPUS DIGITAL CAMERA\" data-e-action-hash=\"#elementor-action%3Aaction%3Dlightbox%26settings%3DeyJpZCI6MjE1NiwidXJsIjoiaHR0cHM6XC9cL3d3dy50dXJpc21vdmlsbGFudWV2YWRlbG9zaW5mYW50ZXMuZXNcL3dwLWNvbnRlbnRcL3VwbG9hZHNcLzIwMjRcLzAyXC9DYXNhLWRlLVJ1ZWRhLUkuanBnIiwic2xpZGVzaG93IjoiY2FlMTkzMSJ9\">\n\t\t\t\t\t<div class=\"e-gallery-image elementor-gallery-item__image\" data-thumbnail=\"https:\/\/www.turismovillanuevadelosinfantes.es\/wp-content\/uploads\/2024\/02\/Casa-de-Rueda-I-300x225.jpg\" data-width=\"300\" data-height=\"225\" aria-label=\"\" role=\"img\" ><\/div>\n\t\t\t\t\t\t\t\t\t\t\t<div class=\"elementor-gallery-item__overlay\"><\/div>\n\t\t\t\t\t\t\t\t\t\t\t\t\t\t<\/a>\n\t\t\t\t\t\t\t<a class=\"e-gallery-item elementor-gallery-item elementor-animated-content\" href=\"https:\/\/www.turismovillanuevadelosinfantes.es\/wp-content\/uploads\/2024\/02\/Casa-de-Rueda-II.jpg\" data-elementor-open-lightbox=\"yes\" data-elementor-lightbox-slideshow=\"cae1931\" data-elementor-lightbox-title=\"OLYMPUS DIGITAL CAMERA\" data-e-action-hash=\"#elementor-action%3Aaction%3Dlightbox%26settings%3DeyJpZCI6MjE1NywidXJsIjoiaHR0cHM6XC9cL3d3dy50dXJpc21vdmlsbGFudWV2YWRlbG9zaW5mYW50ZXMuZXNcL3dwLWNvbnRlbnRcL3VwbG9hZHNcLzIwMjRcLzAyXC9DYXNhLWRlLVJ1ZWRhLUlJLmpwZyIsInNsaWRlc2hvdyI6ImNhZTE5MzEifQ%3D%3D\">\n\t\t\t\t\t<div class=\"e-gallery-image elementor-gallery-item__image\" data-thumbnail=\"https:\/\/www.turismovillanuevadelosinfantes.es\/wp-content\/uploads\/2024\/02\/Casa-de-Rueda-II-300x225.jpg\" data-width=\"300\" data-height=\"225\" aria-label=\"\" role=\"img\" ><\/div>\n\t\t\t\t\t\t\t\t\t\t\t<div class=\"elementor-gallery-item__overlay\"><\/div>\n\t\t\t\t\t\t\t\t\t\t\t\t\t\t<\/a>\n\t\t\t\t\t\t\t<a class=\"e-gallery-item elementor-gallery-item elementor-animated-content\" href=\"https:\/\/www.turismovillanuevadelosinfantes.es\/wp-content\/uploads\/2024\/02\/Casa-de-Rueda-III.jpg\" data-elementor-open-lightbox=\"yes\" data-elementor-lightbox-slideshow=\"cae1931\" data-elementor-lightbox-title=\"OLYMPUS DIGITAL CAMERA\" data-e-action-hash=\"#elementor-action%3Aaction%3Dlightbox%26settings%3DeyJpZCI6MjE1OCwidXJsIjoiaHR0cHM6XC9cL3d3dy50dXJpc21vdmlsbGFudWV2YWRlbG9zaW5mYW50ZXMuZXNcL3dwLWNvbnRlbnRcL3VwbG9hZHNcLzIwMjRcLzAyXC9DYXNhLWRlLVJ1ZWRhLUlJSS5qcGciLCJzbGlkZXNob3ciOiJjYWUxOTMxIn0%3D\">\n\t\t\t\t\t<div class=\"e-gallery-image elementor-gallery-item__image\" data-thumbnail=\"https:\/\/www.turismovillanuevadelosinfantes.es\/wp-content\/uploads\/2024\/02\/Casa-de-Rueda-III-300x225.jpg\" data-width=\"300\" data-height=\"225\" aria-label=\"\" role=\"img\" ><\/div>\n\t\t\t\t\t\t\t\t\t\t\t<div class=\"elementor-gallery-item__overlay\"><\/div>\n\t\t\t\t\t\t\t\t\t\t\t\t\t\t<\/a>\n\t\t\t\t\t\t\t<a class=\"e-gallery-item elementor-gallery-item elementor-animated-content\" href=\"https:\/\/www.turismovillanuevadelosinfantes.es\/wp-content\/uploads\/2024\/08\/Casa-Rueda_4-scaled.jpg\" data-elementor-open-lightbox=\"yes\" data-elementor-lightbox-slideshow=\"cae1931\" data-elementor-lightbox-title=\"Casa Rueda_4\" data-e-action-hash=\"#elementor-action%3Aaction%3Dlightbox%26settings%3DeyJpZCI6MjYyNywidXJsIjoiaHR0cHM6XC9cL3d3dy50dXJpc21vdmlsbGFudWV2YWRlbG9zaW5mYW50ZXMuZXNcL3dwLWNvbnRlbnRcL3VwbG9hZHNcLzIwMjRcLzA4XC9DYXNhLVJ1ZWRhXzQtc2NhbGVkLmpwZyIsInNsaWRlc2hvdyI6ImNhZTE5MzEifQ%3D%3D\">\n\t\t\t\t\t<div class=\"e-gallery-image elementor-gallery-item__image\" data-thumbnail=\"https:\/\/www.turismovillanuevadelosinfantes.es\/wp-content\/uploads\/2024\/08\/Casa-Rueda_4-300x200.jpg\" data-width=\"300\" data-height=\"200\" aria-label=\"\" role=\"img\" ><\/div>\n\t\t\t\t\t\t\t\t\t\t\t<div class=\"elementor-gallery-item__overlay\"><\/div>\n\t\t\t\t\t\t\t\t\t\t\t\t\t\t<\/a>\n\t\t\t\t\t\t\t<a class=\"e-gallery-item elementor-gallery-item elementor-animated-content\" href=\"https:\/\/www.turismovillanuevadelosinfantes.es\/wp-content\/uploads\/2024\/03\/CIVI-III.jpg\" data-elementor-open-lightbox=\"yes\" data-elementor-lightbox-slideshow=\"cae1931\" data-elementor-lightbox-title=\"CIVI III\" data-e-action-hash=\"#elementor-action%3Aaction%3Dlightbox%26settings%3DeyJpZCI6MjIxNSwidXJsIjoiaHR0cHM6XC9cL3d3dy50dXJpc21vdmlsbGFudWV2YWRlbG9zaW5mYW50ZXMuZXNcL3dwLWNvbnRlbnRcL3VwbG9hZHNcLzIwMjRcLzAzXC9DSVZJLUlJSS5qcGciLCJzbGlkZXNob3ciOiJjYWUxOTMxIn0%3D\">\n\t\t\t\t\t<div class=\"e-gallery-image elementor-gallery-item__image\" data-thumbnail=\"https:\/\/www.turismovillanuevadelosinfantes.es\/wp-content\/uploads\/2024\/03\/CIVI-III-300x225.jpg\" data-width=\"300\" data-height=\"225\" aria-label=\"\" role=\"img\" ><\/div>\n\t\t\t\t\t\t\t\t\t\t\t<div class=\"elementor-gallery-item__overlay\"><\/div>\n\t\t\t\t\t\t\t\t\t\t\t\t\t\t<\/a>\n\t\t\t\t\t\t\t<a class=\"e-gallery-item elementor-gallery-item elementor-animated-content\" href=\"https:\/\/www.turismovillanuevadelosinfantes.es\/wp-content\/uploads\/2024\/03\/CIVI-II.jpg\" data-elementor-open-lightbox=\"yes\" data-elementor-lightbox-slideshow=\"cae1931\" data-elementor-lightbox-title=\"CIVI II\" data-e-action-hash=\"#elementor-action%3Aaction%3Dlightbox%26settings%3DeyJpZCI6MjIxNCwidXJsIjoiaHR0cHM6XC9cL3d3dy50dXJpc21vdmlsbGFudWV2YWRlbG9zaW5mYW50ZXMuZXNcL3dwLWNvbnRlbnRcL3VwbG9hZHNcLzIwMjRcLzAzXC9DSVZJLUlJLmpwZyIsInNsaWRlc2hvdyI6ImNhZTE5MzEifQ%3D%3D\">\n\t\t\t\t\t<div class=\"e-gallery-image elementor-gallery-item__image\" data-thumbnail=\"https:\/\/www.turismovillanuevadelosinfantes.es\/wp-content\/uploads\/2024\/03\/CIVI-II-300x225.jpg\" data-width=\"300\" data-height=\"225\" aria-label=\"\" role=\"img\" ><\/div>\n\t\t\t\t\t\t\t\t\t\t\t<div class=\"elementor-gallery-item__overlay\"><\/div>\n\t\t\t\t\t\t\t\t\t\t\t\t\t\t<\/a>\n\t\t\t\t\t\t\t<a class=\"e-gallery-item elementor-gallery-item elementor-animated-content\" href=\"https:\/\/www.turismovillanuevadelosinfantes.es\/wp-content\/uploads\/2025\/08\/Biblioteca-del-Quijote-I.jpg\" data-elementor-open-lightbox=\"yes\" data-elementor-lightbox-slideshow=\"cae1931\" data-elementor-lightbox-title=\"Biblioteca del Quijote I\" data-e-action-hash=\"#elementor-action%3Aaction%3Dlightbox%26settings%3DeyJpZCI6MzQyMiwidXJsIjoiaHR0cHM6XC9cL3d3dy50dXJpc21vdmlsbGFudWV2YWRlbG9zaW5mYW50ZXMuZXNcL3dwLWNvbnRlbnRcL3VwbG9hZHNcLzIwMjVcLzA4XC9CaWJsaW90ZWNhLWRlbC1RdWlqb3RlLUkuanBnIiwic2xpZGVzaG93IjoiY2FlMTkzMSJ9\">\n\t\t\t\t\t<div class=\"e-gallery-image elementor-gallery-item__image\" data-thumbnail=\"https:\/\/www.turismovillanuevadelosinfantes.es\/wp-content\/uploads\/2025\/08\/Biblioteca-del-Quijote-I-200x300.jpg\" data-width=\"200\" data-height=\"300\" aria-label=\"\" role=\"img\" ><\/div>\n\t\t\t\t\t\t\t\t\t\t\t<div class=\"elementor-gallery-item__overlay\"><\/div>\n\t\t\t\t\t\t\t\t\t\t\t\t\t\t<\/a>\n\t\t\t\t\t\t\t<a class=\"e-gallery-item elementor-gallery-item elementor-animated-content\" href=\"https:\/\/www.turismovillanuevadelosinfantes.es\/wp-content\/uploads\/2025\/08\/Biblioteca-del-Quijote-II.jpg\" data-elementor-open-lightbox=\"yes\" data-elementor-lightbox-slideshow=\"cae1931\" data-elementor-lightbox-title=\"Biblioteca del Quijote II\" data-e-action-hash=\"#elementor-action%3Aaction%3Dlightbox%26settings%3DeyJpZCI6MzQyMSwidXJsIjoiaHR0cHM6XC9cL3d3dy50dXJpc21vdmlsbGFudWV2YWRlbG9zaW5mYW50ZXMuZXNcL3dwLWNvbnRlbnRcL3VwbG9hZHNcLzIwMjVcLzA4XC9CaWJsaW90ZWNhLWRlbC1RdWlqb3RlLUlJLmpwZyIsInNsaWRlc2hvdyI6ImNhZTE5MzEifQ%3D%3D\">\n\t\t\t\t\t<div class=\"e-gallery-image elementor-gallery-item__image\" data-thumbnail=\"https:\/\/www.turismovillanuevadelosinfantes.es\/wp-content\/uploads\/2025\/08\/Biblioteca-del-Quijote-II-200x300.jpg\" data-width=\"200\" data-height=\"300\" aria-label=\"\" role=\"img\" ><\/div>\n\t\t\t\t\t\t\t\t\t\t\t<div class=\"elementor-gallery-item__overlay\"><\/div>\n\t\t\t\t\t\t\t\t\t\t\t\t\t\t<\/a>\n\t\t\t\t\t\t\t<a class=\"e-gallery-item elementor-gallery-item elementor-animated-content\" href=\"https:\/\/www.turismovillanuevadelosinfantes.es\/wp-content\/uploads\/2025\/08\/Biblioteca-del-Quijote-III.jpg\" data-elementor-open-lightbox=\"yes\" data-elementor-lightbox-slideshow=\"cae1931\" data-elementor-lightbox-title=\"Biblioteca del Quijote III\" data-e-action-hash=\"#elementor-action%3Aaction%3Dlightbox%26settings%3DeyJpZCI6MzQyMywidXJsIjoiaHR0cHM6XC9cL3d3dy50dXJpc21vdmlsbGFudWV2YWRlbG9zaW5mYW50ZXMuZXNcL3dwLWNvbnRlbnRcL3VwbG9hZHNcLzIwMjVcLzA4XC9CaWJsaW90ZWNhLWRlbC1RdWlqb3RlLUlJSS5qcGciLCJzbGlkZXNob3ciOiJjYWUxOTMxIn0%3D\">\n\t\t\t\t\t<div class=\"e-gallery-image elementor-gallery-item__image\" data-thumbnail=\"https:\/\/www.turismovillanuevadelosinfantes.es\/wp-content\/uploads\/2025\/08\/Biblioteca-del-Quijote-III-199x300.jpg\" data-width=\"199\" data-height=\"300\" aria-label=\"\" role=\"img\" ><\/div>\n\t\t\t\t\t\t\t\t\t\t\t<div class=\"elementor-gallery-item__overlay\"><\/div>\n\t\t\t\t\t\t\t\t\t\t\t\t\t\t<\/a>\n\t\t\t\t\t<\/div>\n\t\t\t\t\t<\/div>\n\t\t\t\t<\/div>\n\t\t\t\t\t<\/div>\n\t\t<\/div>\n\t\t\t\t\t<\/div>\n\t\t<\/section>\n\t\t\t\t<\/div>","protected":false},"excerpt":{"rendered":"<p><span style=\"color: #a31c1c;\">Direcci\u00f3n: <\/span>Calle Ram\u00f3n Herrera, 3 <a href=\"https:\/\/maps.app.goo.gl\/cimT7G71ZQpudaiNA\" target=\"_blank\" rel=\"noreferrer noopener\">(Ver en Google Maps)<\/a><\/p>\n<p><span style=\"color: #a31c1c;\">Horario:\u00a0<\/span> Lunes a viernes de 10:00 h a 19:00 h. <br \/>S\u00e1bado y Domingo de 10:00 h a 19:00 h.<\/p>\n<p><span style=\"color: #a31c1c;\">Entrada:\u00a0<\/span>Gratuita<\/p>","protected":false},"author":1,"featured_media":2211,"comment_status":"open","ping_status":"open","sticky":false,"template":"","format":"standard","meta":{"footnotes":""},"categories":[9],"tags":[],"class_list":["post-2154","post","type-post","status-publish","format-standard","has-post-thumbnail","hentry","category-arquitectura-civil"],"_links":{"self":[{"href":"https:\/\/www.turismovillanuevadelosinfantes.es\/en\/wp-json\/wp\/v2\/posts\/2154","targetHints":{"allow":["GET"]}}],"collection":[{"href":"https:\/\/www.turismovillanuevadelosinfantes.es\/en\/wp-json\/wp\/v2\/posts"}],"about":[{"href":"https:\/\/www.turismovillanuevadelosinfantes.es\/en\/wp-json\/wp\/v2\/types\/post"}],"author":[{"embeddable":true,"href":"https:\/\/www.turismovillanuevadelosinfantes.es\/en\/wp-json\/wp\/v2\/users\/1"}],"replies":[{"embeddable":true,"href":"https:\/\/www.turismovillanuevadelosinfantes.es\/en\/wp-json\/wp\/v2\/comments?post=2154"}],"version-history":[{"count":48,"href":"https:\/\/www.turismovillanuevadelosinfantes.es\/en\/wp-json\/wp\/v2\/posts\/2154\/revisions"}],"predecessor-version":[{"id":3505,"href":"https:\/\/www.turismovillanuevadelosinfantes.es\/en\/wp-json\/wp\/v2\/posts\/2154\/revisions\/3505"}],"wp:featuredmedia":[{"embeddable":true,"href":"https:\/\/www.turismovillanuevadelosinfantes.es\/en\/wp-json\/wp\/v2\/media\/2211"}],"wp:attachment":[{"href":"https:\/\/www.turismovillanuevadelosinfantes.es\/en\/wp-json\/wp\/v2\/media?parent=2154"}],"wp:term":[{"taxonomy":"category","embeddable":true,"href":"https:\/\/www.turismovillanuevadelosinfantes.es\/en\/wp-json\/wp\/v2\/categories?post=2154"},{"taxonomy":"post_tag","embeddable":true,"href":"https:\/\/www.turismovillanuevadelosinfantes.es\/en\/wp-json\/wp\/v2\/tags?post=2154"}],"curies":[{"name":"wp","href":"https:\/\/api.w.org\/{rel}","templated":true}]}}