{"id":1585,"date":"2022-04-26T17:36:17","date_gmt":"2022-04-26T17:36:17","guid":{"rendered":"https:\/\/www.turismovillanuevadelosinfantes.es\/?p=1585"},"modified":"2024-08-27T11:21:48","modified_gmt":"2024-08-27T11:21:48","slug":"casa-cuartel-de-los-caballeros-de-santiago","status":"publish","type":"post","link":"https:\/\/www.turismovillanuevadelosinfantes.es\/en\/casa-cuartel-de-los-caballeros-de-santiago\/","title":{"rendered":"Casa Cuartel de los Caballeros de Santiago"},"content":{"rendered":"<div data-elementor-type=\"wp-post\" data-elementor-id=\"1585\" class=\"elementor elementor-1585\" data-elementor-post-type=\"post\">\n\t\t\t\t\t\t<section class=\"elementor-section elementor-top-section elementor-element elementor-element-4389aea6 elementor-section-boxed elementor-section-height-default elementor-section-height-default\" data-id=\"4389aea6\" data-element_type=\"section\">\n\t\t\t\t\t\t<div class=\"elementor-container elementor-column-gap-default\">\n\t\t\t\t\t<div class=\"elementor-column elementor-col-100 elementor-top-column elementor-element elementor-element-2e6f13ad\" data-id=\"2e6f13ad\" data-element_type=\"column\">\n\t\t\t<div class=\"elementor-widget-wrap elementor-element-populated\">\n\t\t\t\t\t\t<div class=\"elementor-element elementor-element-2b6c03e3 elementor-widget elementor-widget-text-editor\" data-id=\"2b6c03e3\" data-element_type=\"widget\" data-widget_type=\"text-editor.default\">\n\t\t\t\t<div class=\"elementor-widget-container\">\n\t\t\t\t\t\t\t\t\t<p>Esta magn\u00edfica edificaci\u00f3n se abre al exterior con una portada adintelada y almohadillada. En la parte alta encontramos la her\u00e1ldica de la Orden y leyendas a ambos lados. De 1749, seg\u00fan atestigua la inscripci\u00f3n de la fachada: \u201cCasa del Insigne e Real Convento de Ucl\u00e9s Cabeza del Orden de Santiago\u2026\u201d. Aqu\u00ed tuvo su sede la Orden de Santiago, como se aprecia en el escudo de la parte superior del p\u00f3rtico. Aunque actualmente es una vivienda particular, conserva el patio original y las caballerizas del cuartel, a los que se accede por la Calle Jacinto Benavente.<\/p>\t\t\t\t\t\t\t\t<\/div>\n\t\t\t\t<\/div>\n\t\t\t\t\t<\/div>\n\t\t<\/div>\n\t\t\t\t\t<\/div>\n\t\t<\/section>\n\t\t\t\t<section class=\"elementor-section elementor-top-section elementor-element elementor-element-548268c elementor-section-boxed elementor-section-height-default elementor-section-height-default\" data-id=\"548268c\" data-element_type=\"section\">\n\t\t\t\t\t\t<div class=\"elementor-container elementor-column-gap-default\">\n\t\t\t\t\t<div class=\"elementor-column elementor-col-100 elementor-top-column elementor-element elementor-element-4c13113\" data-id=\"4c13113\" data-element_type=\"column\">\n\t\t\t<div class=\"elementor-widget-wrap elementor-element-populated\">\n\t\t\t\t\t\t<div class=\"elementor-element elementor-element-2bab7a6 elementor-widget elementor-widget-heading\" data-id=\"2bab7a6\" data-element_type=\"widget\" data-widget_type=\"heading.default\">\n\t\t\t\t<div class=\"elementor-widget-container\">\n\t\t\t\t\t<h3 class=\"elementor-heading-title elementor-size-default\">Galer\u00eda de im\u00e1genes<\/h3>\t\t\t\t<\/div>\n\t\t\t\t<\/div>\n\t\t\t\t<div class=\"elementor-element elementor-element-8204d3c elementor-widget elementor-widget-gallery\" data-id=\"8204d3c\" data-element_type=\"widget\" data-settings=\"{&quot;columns&quot;:3,&quot;aspect_ratio&quot;:&quot;1:1&quot;,&quot;lazyload&quot;:&quot;yes&quot;,&quot;gallery_layout&quot;:&quot;grid&quot;,&quot;columns_tablet&quot;:2,&quot;columns_mobile&quot;:1,&quot;gap&quot;:{&quot;unit&quot;:&quot;px&quot;,&quot;size&quot;:10,&quot;sizes&quot;:[]},&quot;gap_tablet&quot;:{&quot;unit&quot;:&quot;px&quot;,&quot;size&quot;:10,&quot;sizes&quot;:[]},&quot;gap_mobile&quot;:{&quot;unit&quot;:&quot;px&quot;,&quot;size&quot;:10,&quot;sizes&quot;:[]},&quot;link_to&quot;:&quot;file&quot;,&quot;overlay_background&quot;:&quot;yes&quot;,&quot;content_hover_animation&quot;:&quot;fade-in&quot;}\" data-widget_type=\"gallery.default\">\n\t\t\t\t<div class=\"elementor-widget-container\">\n\t\t\t\t\t\t\t<div class=\"elementor-gallery__container\">\n\t\t\t\t\t\t\t<a class=\"e-gallery-item elementor-gallery-item elementor-animated-content\" href=\"https:\/\/www.turismovillanuevadelosinfantes.es\/wp-content\/uploads\/2022\/04\/IMG_2442-scaled.jpg\" data-elementor-open-lightbox=\"yes\" data-elementor-lightbox-slideshow=\"8204d3c\" data-elementor-lightbox-title=\"Casa Cuartel de los Caballeros de Santiago\" data-e-action-hash=\"#elementor-action%3Aaction%3Dlightbox%26settings%3DeyJpZCI6MTU4NiwidXJsIjoiaHR0cHM6XC9cL3d3dy50dXJpc21vdmlsbGFudWV2YWRlbG9zaW5mYW50ZXMuZXNcL3dwLWNvbnRlbnRcL3VwbG9hZHNcLzIwMjJcLzA0XC9JTUdfMjQ0Mi1zY2FsZWQuanBnIiwic2xpZGVzaG93IjoiODIwNGQzYyJ9\">\n\t\t\t\t\t<div class=\"e-gallery-image elementor-gallery-item__image\" data-thumbnail=\"https:\/\/www.turismovillanuevadelosinfantes.es\/wp-content\/uploads\/2022\/04\/IMG_2442-300x200.jpg\" data-width=\"300\" data-height=\"200\" aria-label=\"\" role=\"img\" ><\/div>\n\t\t\t\t\t\t\t\t\t\t\t<div class=\"elementor-gallery-item__overlay\"><\/div>\n\t\t\t\t\t\t\t\t\t\t\t\t\t\t<\/a>\n\t\t\t\t\t\t\t<a class=\"e-gallery-item elementor-gallery-item elementor-animated-content\" href=\"https:\/\/www.turismovillanuevadelosinfantes.es\/wp-content\/uploads\/2022\/04\/IMG_2444-scaled.jpg\" data-elementor-open-lightbox=\"yes\" data-elementor-lightbox-slideshow=\"8204d3c\" data-elementor-lightbox-title=\"Casa Cuartel de los Caballeros de Santiago\" data-e-action-hash=\"#elementor-action%3Aaction%3Dlightbox%26settings%3DeyJpZCI6MTU4NywidXJsIjoiaHR0cHM6XC9cL3d3dy50dXJpc21vdmlsbGFudWV2YWRlbG9zaW5mYW50ZXMuZXNcL3dwLWNvbnRlbnRcL3VwbG9hZHNcLzIwMjJcLzA0XC9JTUdfMjQ0NC1zY2FsZWQuanBnIiwic2xpZGVzaG93IjoiODIwNGQzYyJ9\">\n\t\t\t\t\t<div class=\"e-gallery-image elementor-gallery-item__image\" data-thumbnail=\"https:\/\/www.turismovillanuevadelosinfantes.es\/wp-content\/uploads\/2022\/04\/IMG_2444-300x200.jpg\" data-width=\"300\" data-height=\"200\" aria-label=\"\" role=\"img\" ><\/div>\n\t\t\t\t\t\t\t\t\t\t\t<div class=\"elementor-gallery-item__overlay\"><\/div>\n\t\t\t\t\t\t\t\t\t\t\t\t\t\t<\/a>\n\t\t\t\t\t\t\t<a class=\"e-gallery-item elementor-gallery-item elementor-animated-content\" href=\"https:\/\/www.turismovillanuevadelosinfantes.es\/wp-content\/uploads\/2022\/04\/IMG_2443-scaled.jpg\" data-elementor-open-lightbox=\"yes\" data-elementor-lightbox-slideshow=\"8204d3c\" data-elementor-lightbox-title=\"Casa Cuartel de los Caballeros de Santiago\" data-e-action-hash=\"#elementor-action%3Aaction%3Dlightbox%26settings%3DeyJpZCI6MTU4OCwidXJsIjoiaHR0cHM6XC9cL3d3dy50dXJpc21vdmlsbGFudWV2YWRlbG9zaW5mYW50ZXMuZXNcL3dwLWNvbnRlbnRcL3VwbG9hZHNcLzIwMjJcLzA0XC9JTUdfMjQ0My1zY2FsZWQuanBnIiwic2xpZGVzaG93IjoiODIwNGQzYyJ9\">\n\t\t\t\t\t<div class=\"e-gallery-image elementor-gallery-item__image\" data-thumbnail=\"https:\/\/www.turismovillanuevadelosinfantes.es\/wp-content\/uploads\/2022\/04\/IMG_2443-300x200.jpg\" data-width=\"300\" data-height=\"200\" aria-label=\"\" role=\"img\" ><\/div>\n\t\t\t\t\t\t\t\t\t\t\t<div class=\"elementor-gallery-item__overlay\"><\/div>\n\t\t\t\t\t\t\t\t\t\t\t\t\t\t<\/a>\n\t\t\t\t\t\t\t<a class=\"e-gallery-item elementor-gallery-item elementor-animated-content\" href=\"https:\/\/www.turismovillanuevadelosinfantes.es\/wp-content\/uploads\/2024\/08\/IMG_0875-scaled.jpg\" data-elementor-open-lightbox=\"yes\" data-elementor-lightbox-slideshow=\"8204d3c\" data-elementor-lightbox-title=\"IMG_0875\" data-e-action-hash=\"#elementor-action%3Aaction%3Dlightbox%26settings%3DeyJpZCI6MzA1MSwidXJsIjoiaHR0cHM6XC9cL3d3dy50dXJpc21vdmlsbGFudWV2YWRlbG9zaW5mYW50ZXMuZXNcL3dwLWNvbnRlbnRcL3VwbG9hZHNcLzIwMjRcLzA4XC9JTUdfMDg3NS1zY2FsZWQuanBnIiwic2xpZGVzaG93IjoiODIwNGQzYyJ9\">\n\t\t\t\t\t<div class=\"e-gallery-image elementor-gallery-item__image\" data-thumbnail=\"https:\/\/www.turismovillanuevadelosinfantes.es\/wp-content\/uploads\/2024\/08\/IMG_0875-300x200.jpg\" data-width=\"300\" data-height=\"200\" aria-label=\"\" role=\"img\" ><\/div>\n\t\t\t\t\t\t\t\t\t\t\t<div class=\"elementor-gallery-item__overlay\"><\/div>\n\t\t\t\t\t\t\t\t\t\t\t\t\t\t<\/a>\n\t\t\t\t\t<\/div>\n\t\t\t\t\t<\/div>\n\t\t\t\t<\/div>\n\t\t\t\t\t<\/div>\n\t\t<\/div>\n\t\t\t\t\t<\/div>\n\t\t<\/section>\n\t\t\t\t<section class=\"elementor-section elementor-top-section elementor-element elementor-element-051dd9c elementor-section-boxed elementor-section-height-default elementor-section-height-default\" data-id=\"051dd9c\" data-element_type=\"section\">\n\t\t\t\t\t\t<div class=\"elementor-container elementor-column-gap-default\">\n\t\t\t\t\t<div class=\"elementor-column elementor-col-100 elementor-top-column elementor-element elementor-element-78957ce\" data-id=\"78957ce\" data-element_type=\"column\">\n\t\t\t<div class=\"elementor-widget-wrap\">\n\t\t\t\t\t\t\t<\/div>\n\t\t<\/div>\n\t\t\t\t\t<\/div>\n\t\t<\/section>\n\t\t\t\t<\/div>","protected":false},"excerpt":{"rendered":"<p><span style=\"color: #a31c1c;\">Direcci\u00f3n:\u00a0<\/span>Calle Cervantes, 16. Entrada a las caballerizas por Calle Jacinto Benavente\u00a0<a href=\"https:\/\/goo.gl\/maps\/7jjGbD2LYMYBR7Ai9\" target=\"_blank\" rel=\"noreferrer noopener\">(Ver en Google Maps)<\/a><\/p>\n<p><span style=\"color: #a31c1c;\">Horario:\u00a0<\/span>No disponible.<\/p>\n<p><span style=\"color: #a31c1c;\">Entrada:\u00a0<\/span>Interior no visitable.<\/p>","protected":false},"author":1,"featured_media":1588,"comment_status":"open","ping_status":"open","sticky":false,"template":"","format":"standard","meta":{"footnotes":""},"categories":[9],"tags":[],"class_list":["post-1585","post","type-post","status-publish","format-standard","has-post-thumbnail","hentry","category-arquitectura-civil"],"_links":{"self":[{"href":"https:\/\/www.turismovillanuevadelosinfantes.es\/en\/wp-json\/wp\/v2\/posts\/1585","targetHints":{"allow":["GET"]}}],"collection":[{"href":"https:\/\/www.turismovillanuevadelosinfantes.es\/en\/wp-json\/wp\/v2\/posts"}],"about":[{"href":"https:\/\/www.turismovillanuevadelosinfantes.es\/en\/wp-json\/wp\/v2\/types\/post"}],"author":[{"embeddable":true,"href":"https:\/\/www.turismovillanuevadelosinfantes.es\/en\/wp-json\/wp\/v2\/users\/1"}],"replies":[{"embeddable":true,"href":"https:\/\/www.turismovillanuevadelosinfantes.es\/en\/wp-json\/wp\/v2\/comments?post=1585"}],"version-history":[{"count":21,"href":"https:\/\/www.turismovillanuevadelosinfantes.es\/en\/wp-json\/wp\/v2\/posts\/1585\/revisions"}],"predecessor-version":[{"id":3054,"href":"https:\/\/www.turismovillanuevadelosinfantes.es\/en\/wp-json\/wp\/v2\/posts\/1585\/revisions\/3054"}],"wp:featuredmedia":[{"embeddable":true,"href":"https:\/\/www.turismovillanuevadelosinfantes.es\/en\/wp-json\/wp\/v2\/media\/1588"}],"wp:attachment":[{"href":"https:\/\/www.turismovillanuevadelosinfantes.es\/en\/wp-json\/wp\/v2\/media?parent=1585"}],"wp:term":[{"taxonomy":"category","embeddable":true,"href":"https:\/\/www.turismovillanuevadelosinfantes.es\/en\/wp-json\/wp\/v2\/categories?post=1585"},{"taxonomy":"post_tag","embeddable":true,"href":"https:\/\/www.turismovillanuevadelosinfantes.es\/en\/wp-json\/wp\/v2\/tags?post=1585"}],"curies":[{"name":"wp","href":"https:\/\/api.w.org\/{rel}","templated":true}]}}