{"id":1514,"date":"2022-04-26T11:12:36","date_gmt":"2022-04-26T11:12:36","guid":{"rendered":"https:\/\/www.turismovillanuevadelosinfantes.es\/?p=1514"},"modified":"2024-08-27T11:35:34","modified_gmt":"2024-08-27T11:35:34","slug":"plaza-mayor","status":"publish","type":"post","link":"https:\/\/www.turismovillanuevadelosinfantes.es\/en\/plaza-mayor\/","title":{"rendered":"Plaza Mayor"},"content":{"rendered":"<div data-elementor-type=\"wp-post\" data-elementor-id=\"1514\" class=\"elementor elementor-1514\" data-elementor-post-type=\"post\">\n\t\t\t\t\t\t<section class=\"elementor-section elementor-top-section elementor-element elementor-element-4e399380 elementor-section-boxed elementor-section-height-default elementor-section-height-default\" data-id=\"4e399380\" data-element_type=\"section\">\n\t\t\t\t\t\t<div class=\"elementor-container elementor-column-gap-default\">\n\t\t\t\t\t<div class=\"elementor-column elementor-col-100 elementor-top-column elementor-element elementor-element-432e39d7\" data-id=\"432e39d7\" data-element_type=\"column\">\n\t\t\t<div class=\"elementor-widget-wrap elementor-element-populated\">\n\t\t\t\t\t\t<div class=\"elementor-element elementor-element-42938442 elementor-widget elementor-widget-text-editor\" data-id=\"42938442\" data-element_type=\"widget\" data-widget_type=\"text-editor.default\">\n\t\t\t\t<div class=\"elementor-widget-container\">\n\t\t\t\t\t\t\t\t\t<p><\/p>\n<p>La Plaza Mayor es de estilo neocl\u00e1sico y constituye un elemento clave del dise\u00f1o urbano donde se instalaron las principales instituciones pol\u00edticas y religiosas. De principios del siglo XVII, tiene planta trapezoidal.<\/p>\n<p>\u00a0<\/p>\n<p><\/p>\n<p>Al norte, la Iglesia de San Andr\u00e9s y la Casa Rectoral, lo que supone la presencia religiosa en el \u00e1mbito civil. No hay que olvidar que precisamente esa portada de 1612 es la \u00faltima de las tres existentes en el conjunto parroquial. Al sur, amplias balaustradas de madera sustentadas por zapatas. La arquitectura de este testero, la forman dos pa\u00f1os, separados por la Calle Cervantes, de marcada horizontalidad. En piedra hay tres cuerpos, los dos superiores con balc\u00f3n corrido de madera, vanos rectangulares, y el \u00faltimo con galer\u00eda cubierta por alero sobre pies derechos de madera.<\/p>\n<p>\u00a0<\/p>\n<p><\/p>\n<p>En los otros dos lados una sucesi\u00f3n de arcos de medio punto. Uno de ellos es el Ayuntamiento y los Juzgados. Alzado en tres cuerpos, el inferior con arquer\u00edas de medio punto, el siguiente con balcones con front\u00f3n triangular, que en el Ayuntamiento se transforma en loggia de medio punto sobre medias columnas j\u00f3nicas. La balconada serv\u00eda para que las autoridades pudieran presenciar los festejos celebrados en la plaza. En su fachada destaca el escudo que le dio a la villa el Maestre de la Orden de Santiago don Enrique de Arag\u00f3n. En los cuarteles que forma la cruz de Santiago, las armas de Castilla, de Le\u00f3n y las barras de Arag\u00f3n, reino del que era infante D. Enrique.<\/p>\n<p><\/p>\n<p><\/p>\t\t\t\t\t\t\t\t<\/div>\n\t\t\t\t<\/div>\n\t\t\t\t\t<\/div>\n\t\t<\/div>\n\t\t\t\t\t<\/div>\n\t\t<\/section>\n\t\t\t\t<section class=\"elementor-section elementor-top-section elementor-element elementor-element-7e5c44b elementor-section-boxed elementor-section-height-default elementor-section-height-default\" data-id=\"7e5c44b\" data-element_type=\"section\">\n\t\t\t\t\t\t<div class=\"elementor-container elementor-column-gap-default\">\n\t\t\t\t\t<div class=\"elementor-column elementor-col-100 elementor-top-column elementor-element elementor-element-a1eff0e\" data-id=\"a1eff0e\" data-element_type=\"column\">\n\t\t\t<div class=\"elementor-widget-wrap elementor-element-populated\">\n\t\t\t\t\t\t<div class=\"elementor-element elementor-element-8a919ea elementor-widget elementor-widget-heading\" data-id=\"8a919ea\" data-element_type=\"widget\" data-widget_type=\"heading.default\">\n\t\t\t\t<div class=\"elementor-widget-container\">\n\t\t\t\t\t<h3 class=\"elementor-heading-title elementor-size-default\">Galer\u00eda de im\u00e1genes<\/h3>\t\t\t\t<\/div>\n\t\t\t\t<\/div>\n\t\t\t\t<div class=\"elementor-element elementor-element-392a9c2 elementor-widget elementor-widget-gallery\" data-id=\"392a9c2\" data-element_type=\"widget\" data-settings=\"{&quot;columns&quot;:3,&quot;aspect_ratio&quot;:&quot;1:1&quot;,&quot;lazyload&quot;:&quot;yes&quot;,&quot;gallery_layout&quot;:&quot;grid&quot;,&quot;columns_tablet&quot;:2,&quot;columns_mobile&quot;:1,&quot;gap&quot;:{&quot;unit&quot;:&quot;px&quot;,&quot;size&quot;:10,&quot;sizes&quot;:[]},&quot;gap_tablet&quot;:{&quot;unit&quot;:&quot;px&quot;,&quot;size&quot;:10,&quot;sizes&quot;:[]},&quot;gap_mobile&quot;:{&quot;unit&quot;:&quot;px&quot;,&quot;size&quot;:10,&quot;sizes&quot;:[]},&quot;link_to&quot;:&quot;file&quot;,&quot;overlay_background&quot;:&quot;yes&quot;,&quot;content_hover_animation&quot;:&quot;fade-in&quot;}\" data-widget_type=\"gallery.default\">\n\t\t\t\t<div class=\"elementor-widget-container\">\n\t\t\t\t\t\t\t<div class=\"elementor-gallery__container\">\n\t\t\t\t\t\t\t<a class=\"e-gallery-item elementor-gallery-item elementor-animated-content\" href=\"https:\/\/www.turismovillanuevadelosinfantes.es\/wp-content\/uploads\/2024\/07\/Plaza-Mayor-2-scaled.jpg\" data-elementor-open-lightbox=\"yes\" data-elementor-lightbox-slideshow=\"392a9c2\" data-elementor-lightbox-title=\"Plaza Mayor 2\" data-e-action-hash=\"#elementor-action%3Aaction%3Dlightbox%26settings%3DeyJpZCI6MjQ1MCwidXJsIjoiaHR0cHM6XC9cL3d3dy50dXJpc21vdmlsbGFudWV2YWRlbG9zaW5mYW50ZXMuZXNcL3dwLWNvbnRlbnRcL3VwbG9hZHNcLzIwMjRcLzA3XC9QbGF6YS1NYXlvci0yLXNjYWxlZC5qcGciLCJzbGlkZXNob3ciOiIzOTJhOWMyIn0%3D\">\n\t\t\t\t\t<div class=\"e-gallery-image elementor-gallery-item__image\" data-thumbnail=\"https:\/\/www.turismovillanuevadelosinfantes.es\/wp-content\/uploads\/2024\/07\/Plaza-Mayor-2-300x225.jpg\" data-width=\"300\" data-height=\"225\" aria-label=\"\" role=\"img\" ><\/div>\n\t\t\t\t\t\t\t\t\t\t\t<div class=\"elementor-gallery-item__overlay\"><\/div>\n\t\t\t\t\t\t\t\t\t\t\t\t\t\t<\/a>\n\t\t\t\t\t\t\t<a class=\"e-gallery-item elementor-gallery-item elementor-animated-content\" href=\"https:\/\/www.turismovillanuevadelosinfantes.es\/wp-content\/uploads\/2022\/04\/d4004bc0-f93c-4ccd-983c-95b827c8eb4e.png\" data-elementor-open-lightbox=\"yes\" data-elementor-lightbox-slideshow=\"392a9c2\" data-elementor-lightbox-title=\"Plaza Mayor\" data-e-action-hash=\"#elementor-action%3Aaction%3Dlightbox%26settings%3DeyJpZCI6MTUxNiwidXJsIjoiaHR0cHM6XC9cL3d3dy50dXJpc21vdmlsbGFudWV2YWRlbG9zaW5mYW50ZXMuZXNcL3dwLWNvbnRlbnRcL3VwbG9hZHNcLzIwMjJcLzA0XC9kNDAwNGJjMC1mOTNjLTRjY2QtOTgzYy05NWI4MjdjOGViNGUucG5nIiwic2xpZGVzaG93IjoiMzkyYTljMiJ9\">\n\t\t\t\t\t<div class=\"e-gallery-image elementor-gallery-item__image\" data-thumbnail=\"https:\/\/www.turismovillanuevadelosinfantes.es\/wp-content\/uploads\/2022\/04\/d4004bc0-f93c-4ccd-983c-95b827c8eb4e-225x300.png\" data-width=\"225\" data-height=\"300\" aria-label=\"\" role=\"img\" ><\/div>\n\t\t\t\t\t\t\t\t\t\t\t<div class=\"elementor-gallery-item__overlay\"><\/div>\n\t\t\t\t\t\t\t\t\t\t\t\t\t\t<\/a>\n\t\t\t\t\t\t\t<a class=\"e-gallery-item elementor-gallery-item elementor-animated-content\" href=\"https:\/\/www.turismovillanuevadelosinfantes.es\/wp-content\/uploads\/2022\/04\/AnyConv.com__3262a76f-59c4-4209-a6c6-b8019a3e7f6a.png\" data-elementor-open-lightbox=\"yes\" data-elementor-lightbox-slideshow=\"392a9c2\" data-elementor-lightbox-title=\"Plaza Mayor\" data-e-action-hash=\"#elementor-action%3Aaction%3Dlightbox%26settings%3DeyJpZCI6MTUxNSwidXJsIjoiaHR0cHM6XC9cL3d3dy50dXJpc21vdmlsbGFudWV2YWRlbG9zaW5mYW50ZXMuZXNcL3dwLWNvbnRlbnRcL3VwbG9hZHNcLzIwMjJcLzA0XC9BbnlDb252LmNvbV9fMzI2MmE3NmYtNTljNC00MjA5LWE2YzYtYjgwMTlhM2U3ZjZhLnBuZyIsInNsaWRlc2hvdyI6IjM5MmE5YzIifQ%3D%3D\">\n\t\t\t\t\t<div class=\"e-gallery-image elementor-gallery-item__image\" data-thumbnail=\"https:\/\/www.turismovillanuevadelosinfantes.es\/wp-content\/uploads\/2022\/04\/AnyConv.com__3262a76f-59c4-4209-a6c6-b8019a3e7f6a-225x300.png\" data-width=\"225\" data-height=\"300\" aria-label=\"\" role=\"img\" ><\/div>\n\t\t\t\t\t\t\t\t\t\t\t<div class=\"elementor-gallery-item__overlay\"><\/div>\n\t\t\t\t\t\t\t\t\t\t\t\t\t\t<\/a>\n\t\t\t\t\t<\/div>\n\t\t\t\t\t<\/div>\n\t\t\t\t<\/div>\n\t\t\t\t\t<\/div>\n\t\t<\/div>\n\t\t\t\t\t<\/div>\n\t\t<\/section>\n\t\t\t\t<\/div>","protected":false},"excerpt":{"rendered":"<p><span style=\"color: #a31c1c;\">Direcci&oacute;n: <\/span>Plaza Mayor&nbsp;<a href=\"https:\/\/goo.gl\/maps\/sV6voxqJ6ML1XpS79\" target=\"_blank\" rel=\"noreferrer noopener\">(Ver en Google Maps)<\/a><\/p>\n<p><span style=\"color: #a31c1c;\">Horario:&nbsp;<\/span>Siempre abierto.<\/p>\n<p><span style=\"color: #a31c1c;\">Entrada:&nbsp;<\/span>Gratuita<\/p>","protected":false},"author":1,"featured_media":1515,"comment_status":"open","ping_status":"open","sticky":false,"template":"","format":"standard","meta":{"footnotes":""},"categories":[9],"tags":[],"class_list":["post-1514","post","type-post","status-publish","format-standard","has-post-thumbnail","hentry","category-arquitectura-civil"],"_links":{"self":[{"href":"https:\/\/www.turismovillanuevadelosinfantes.es\/en\/wp-json\/wp\/v2\/posts\/1514","targetHints":{"allow":["GET"]}}],"collection":[{"href":"https:\/\/www.turismovillanuevadelosinfantes.es\/en\/wp-json\/wp\/v2\/posts"}],"about":[{"href":"https:\/\/www.turismovillanuevadelosinfantes.es\/en\/wp-json\/wp\/v2\/types\/post"}],"author":[{"embeddable":true,"href":"https:\/\/www.turismovillanuevadelosinfantes.es\/en\/wp-json\/wp\/v2\/users\/1"}],"replies":[{"embeddable":true,"href":"https:\/\/www.turismovillanuevadelosinfantes.es\/en\/wp-json\/wp\/v2\/comments?post=1514"}],"version-history":[{"count":13,"href":"https:\/\/www.turismovillanuevadelosinfantes.es\/en\/wp-json\/wp\/v2\/posts\/1514\/revisions"}],"predecessor-version":[{"id":3074,"href":"https:\/\/www.turismovillanuevadelosinfantes.es\/en\/wp-json\/wp\/v2\/posts\/1514\/revisions\/3074"}],"wp:featuredmedia":[{"embeddable":true,"href":"https:\/\/www.turismovillanuevadelosinfantes.es\/en\/wp-json\/wp\/v2\/media\/1515"}],"wp:attachment":[{"href":"https:\/\/www.turismovillanuevadelosinfantes.es\/en\/wp-json\/wp\/v2\/media?parent=1514"}],"wp:term":[{"taxonomy":"category","embeddable":true,"href":"https:\/\/www.turismovillanuevadelosinfantes.es\/en\/wp-json\/wp\/v2\/categories?post=1514"},{"taxonomy":"post_tag","embeddable":true,"href":"https:\/\/www.turismovillanuevadelosinfantes.es\/en\/wp-json\/wp\/v2\/tags?post=1514"}],"curies":[{"name":"wp","href":"https:\/\/api.w.org\/{rel}","templated":true}]}}