{"id":1412,"date":"2022-04-22T14:45:43","date_gmt":"2022-04-22T14:45:43","guid":{"rendered":"https:\/\/www.turismovillanuevadelosinfantes.es\/?p=1412"},"modified":"2026-01-13T08:22:50","modified_gmt":"2026-01-13T08:22:50","slug":"santuario-de-nuestra-senora-de-la-antigua","status":"publish","type":"post","link":"https:\/\/www.turismovillanuevadelosinfantes.es\/en\/santuario-de-nuestra-senora-de-la-antigua\/","title":{"rendered":"Santuario de Nuestra Se\u00f1ora de la Antigua"},"content":{"rendered":"<div data-elementor-type=\"wp-post\" data-elementor-id=\"1412\" class=\"elementor elementor-1412\" data-elementor-post-type=\"post\">\n\t\t\t\t\t\t<section class=\"elementor-section elementor-top-section elementor-element elementor-element-4c46c2db elementor-section-boxed elementor-section-height-default elementor-section-height-default\" data-id=\"4c46c2db\" data-element_type=\"section\">\n\t\t\t\t\t\t<div class=\"elementor-container elementor-column-gap-default\">\n\t\t\t\t\t<div class=\"elementor-column elementor-col-100 elementor-top-column elementor-element elementor-element-560843e9\" data-id=\"560843e9\" data-element_type=\"column\">\n\t\t\t<div class=\"elementor-widget-wrap elementor-element-populated\">\n\t\t\t\t\t\t<div class=\"elementor-element elementor-element-701d5c52 elementor-widget elementor-widget-text-editor\" data-id=\"701d5c52\" data-element_type=\"widget\" data-widget_type=\"text-editor.default\">\n\t\t\t\t<div class=\"elementor-widget-container\">\n\t\t\t\t\t\t\t\t\t<p>Situado a 5 km. de Villanueva de los Infantes, al margen derecho del r\u00edo Jabal\u00f3n. La fachada exterior est\u00e1 en mamposter\u00eda de piedra, portal adintelado con balc\u00f3n de hierro, y escudo perteneciente a la orden de Santiago. El patio es trapezoidal, porticado recientemente, siendo el original el que precede a la capilla. La portada de la iglesia es barroca. En el interior nave \u00fanica cubierta con medio ca\u00f1\u00f3n con lunetos, arcos fajones sobre pilastras toscanas y friso corrido. \u00a0El retablo barroco con columnas salom\u00f3nicas y escudos de Santiago, en el centro se encuentra el camar\u00edn de la Virgen de la Antigua, talla del siglo XIII de madera policromada, sentada en un trono, mantiene al ni\u00f1o en su regazo.<\/p>\t\t\t\t\t\t\t\t<\/div>\n\t\t\t\t<\/div>\n\t\t\t\t\t<\/div>\n\t\t<\/div>\n\t\t\t\t\t<\/div>\n\t\t<\/section>\n\t\t\t\t<section class=\"elementor-section elementor-top-section elementor-element elementor-element-0af2799 elementor-section-boxed elementor-section-height-default elementor-section-height-default\" data-id=\"0af2799\" data-element_type=\"section\">\n\t\t\t\t\t\t<div class=\"elementor-container elementor-column-gap-default\">\n\t\t\t\t\t<div class=\"elementor-column elementor-col-100 elementor-top-column elementor-element elementor-element-fa05286\" data-id=\"fa05286\" data-element_type=\"column\">\n\t\t\t<div class=\"elementor-widget-wrap elementor-element-populated\">\n\t\t\t\t\t\t<div class=\"elementor-element elementor-element-bdc9289 elementor-widget elementor-widget-heading\" data-id=\"bdc9289\" data-element_type=\"widget\" data-widget_type=\"heading.default\">\n\t\t\t\t<div class=\"elementor-widget-container\">\n\t\t\t\t\t<h3 class=\"elementor-heading-title elementor-size-default\">Galer\u00eda de im\u00e1genes<\/h3>\t\t\t\t<\/div>\n\t\t\t\t<\/div>\n\t\t\t\t<div class=\"elementor-element elementor-element-2d73e6d elementor-widget elementor-widget-gallery\" data-id=\"2d73e6d\" data-element_type=\"widget\" data-settings=\"{&quot;columns&quot;:3,&quot;aspect_ratio&quot;:&quot;1:1&quot;,&quot;lazyload&quot;:&quot;yes&quot;,&quot;gallery_layout&quot;:&quot;grid&quot;,&quot;columns_tablet&quot;:2,&quot;columns_mobile&quot;:1,&quot;gap&quot;:{&quot;unit&quot;:&quot;px&quot;,&quot;size&quot;:10,&quot;sizes&quot;:[]},&quot;gap_tablet&quot;:{&quot;unit&quot;:&quot;px&quot;,&quot;size&quot;:10,&quot;sizes&quot;:[]},&quot;gap_mobile&quot;:{&quot;unit&quot;:&quot;px&quot;,&quot;size&quot;:10,&quot;sizes&quot;:[]},&quot;link_to&quot;:&quot;file&quot;,&quot;overlay_background&quot;:&quot;yes&quot;,&quot;content_hover_animation&quot;:&quot;fade-in&quot;}\" data-widget_type=\"gallery.default\">\n\t\t\t\t<div class=\"elementor-widget-container\">\n\t\t\t\t\t\t\t<div class=\"elementor-gallery__container\">\n\t\t\t\t\t\t\t<a class=\"e-gallery-item elementor-gallery-item elementor-animated-content\" href=\"https:\/\/www.turismovillanuevadelosinfantes.es\/wp-content\/uploads\/2022\/04\/AnyConv.com__1c32c0e4-8c7b-4e8f-9d9a-4c90bd8e8d9e.png\" data-elementor-open-lightbox=\"yes\" data-elementor-lightbox-slideshow=\"2d73e6d\" data-elementor-lightbox-title=\"Santuario de Nuestra Se\u00f1ora de la Antigua\" data-e-action-hash=\"#elementor-action%3Aaction%3Dlightbox%26settings%3DeyJpZCI6MTQxMywidXJsIjoiaHR0cHM6XC9cL3d3dy50dXJpc21vdmlsbGFudWV2YWRlbG9zaW5mYW50ZXMuZXNcL3dwLWNvbnRlbnRcL3VwbG9hZHNcLzIwMjJcLzA0XC9BbnlDb252LmNvbV9fMWMzMmMwZTQtOGM3Yi00ZThmLTlkOWEtNGM5MGJkOGU4ZDllLnBuZyIsInNsaWRlc2hvdyI6IjJkNzNlNmQifQ%3D%3D\">\n\t\t\t\t\t<div class=\"e-gallery-image elementor-gallery-item__image\" data-thumbnail=\"https:\/\/www.turismovillanuevadelosinfantes.es\/wp-content\/uploads\/2022\/04\/AnyConv.com__1c32c0e4-8c7b-4e8f-9d9a-4c90bd8e8d9e-300x225.png\" data-width=\"300\" data-height=\"225\" aria-label=\"\" role=\"img\" ><\/div>\n\t\t\t\t\t\t\t\t\t\t\t<div class=\"elementor-gallery-item__overlay\"><\/div>\n\t\t\t\t\t\t\t\t\t\t\t\t\t\t<\/a>\n\t\t\t\t\t\t\t<a class=\"e-gallery-item elementor-gallery-item elementor-animated-content\" href=\"https:\/\/www.turismovillanuevadelosinfantes.es\/wp-content\/uploads\/2022\/04\/AnyConv.com__290c0411-9429-4cf1-83bb-0832b74d5717.png\" data-elementor-open-lightbox=\"yes\" data-elementor-lightbox-slideshow=\"2d73e6d\" data-elementor-lightbox-title=\"Santuario de Nuestra Se\u00f1ora de la Antigua\" data-e-action-hash=\"#elementor-action%3Aaction%3Dlightbox%26settings%3DeyJpZCI6MTQxNiwidXJsIjoiaHR0cHM6XC9cL3d3dy50dXJpc21vdmlsbGFudWV2YWRlbG9zaW5mYW50ZXMuZXNcL3dwLWNvbnRlbnRcL3VwbG9hZHNcLzIwMjJcLzA0XC9BbnlDb252LmNvbV9fMjkwYzA0MTEtOTQyOS00Y2YxLTgzYmItMDgzMmI3NGQ1NzE3LnBuZyIsInNsaWRlc2hvdyI6IjJkNzNlNmQifQ%3D%3D\">\n\t\t\t\t\t<div class=\"e-gallery-image elementor-gallery-item__image\" data-thumbnail=\"https:\/\/www.turismovillanuevadelosinfantes.es\/wp-content\/uploads\/2022\/04\/AnyConv.com__290c0411-9429-4cf1-83bb-0832b74d5717-300x225.png\" data-width=\"300\" data-height=\"225\" aria-label=\"\" role=\"img\" ><\/div>\n\t\t\t\t\t\t\t\t\t\t\t<div class=\"elementor-gallery-item__overlay\"><\/div>\n\t\t\t\t\t\t\t\t\t\t\t\t\t\t<\/a>\n\t\t\t\t\t\t\t<a class=\"e-gallery-item elementor-gallery-item elementor-animated-content\" href=\"https:\/\/www.turismovillanuevadelosinfantes.es\/wp-content\/uploads\/2022\/04\/AnyConv.com__bdcbf03d-98e4-4003-8ccb-b69713503270.png\" data-elementor-open-lightbox=\"yes\" data-elementor-lightbox-slideshow=\"2d73e6d\" data-elementor-lightbox-title=\"Santuario de Nuestra Se\u00f1ora de la Antigua\" data-e-action-hash=\"#elementor-action%3Aaction%3Dlightbox%26settings%3DeyJpZCI6MTQxNSwidXJsIjoiaHR0cHM6XC9cL3d3dy50dXJpc21vdmlsbGFudWV2YWRlbG9zaW5mYW50ZXMuZXNcL3dwLWNvbnRlbnRcL3VwbG9hZHNcLzIwMjJcLzA0XC9BbnlDb252LmNvbV9fYmRjYmYwM2QtOThlNC00MDAzLThjY2ItYjY5NzEzNTAzMjcwLnBuZyIsInNsaWRlc2hvdyI6IjJkNzNlNmQifQ%3D%3D\">\n\t\t\t\t\t<div class=\"e-gallery-image elementor-gallery-item__image\" data-thumbnail=\"https:\/\/www.turismovillanuevadelosinfantes.es\/wp-content\/uploads\/2022\/04\/AnyConv.com__bdcbf03d-98e4-4003-8ccb-b69713503270-225x300.png\" data-width=\"225\" data-height=\"300\" aria-label=\"\" role=\"img\" ><\/div>\n\t\t\t\t\t\t\t\t\t\t\t<div class=\"elementor-gallery-item__overlay\"><\/div>\n\t\t\t\t\t\t\t\t\t\t\t\t\t\t<\/a>\n\t\t\t\t\t\t\t<a class=\"e-gallery-item elementor-gallery-item elementor-animated-content\" href=\"https:\/\/www.turismovillanuevadelosinfantes.es\/wp-content\/uploads\/2022\/04\/AnyConv.com__93eb2ac0-156f-411d-a42c-672c1fef4934.png\" data-elementor-open-lightbox=\"yes\" data-elementor-lightbox-slideshow=\"2d73e6d\" data-elementor-lightbox-title=\"Santuario de Nuestra Se\u00f1ora de la Antigua\" data-e-action-hash=\"#elementor-action%3Aaction%3Dlightbox%26settings%3DeyJpZCI6MTQxNCwidXJsIjoiaHR0cHM6XC9cL3d3dy50dXJpc21vdmlsbGFudWV2YWRlbG9zaW5mYW50ZXMuZXNcL3dwLWNvbnRlbnRcL3VwbG9hZHNcLzIwMjJcLzA0XC9BbnlDb252LmNvbV9fOTNlYjJhYzAtMTU2Zi00MTFkLWE0MmMtNjcyYzFmZWY0OTM0LnBuZyIsInNsaWRlc2hvdyI6IjJkNzNlNmQifQ%3D%3D\">\n\t\t\t\t\t<div class=\"e-gallery-image elementor-gallery-item__image\" data-thumbnail=\"https:\/\/www.turismovillanuevadelosinfantes.es\/wp-content\/uploads\/2022\/04\/AnyConv.com__93eb2ac0-156f-411d-a42c-672c1fef4934-225x300.png\" data-width=\"225\" data-height=\"300\" aria-label=\"\" role=\"img\" ><\/div>\n\t\t\t\t\t\t\t\t\t\t\t<div class=\"elementor-gallery-item__overlay\"><\/div>\n\t\t\t\t\t\t\t\t\t\t\t\t\t\t<\/a>\n\t\t\t\t\t\t\t<a class=\"e-gallery-item elementor-gallery-item elementor-animated-content\" href=\"https:\/\/www.turismovillanuevadelosinfantes.es\/wp-content\/uploads\/2022\/04\/AnyConv.com__d8205484-555d-4d98-9df7-ec27cd189116.png\" data-elementor-open-lightbox=\"yes\" data-elementor-lightbox-slideshow=\"2d73e6d\" data-elementor-lightbox-title=\"Santuario de Nuestra Se\u00f1ora de la Antigua\" data-e-action-hash=\"#elementor-action%3Aaction%3Dlightbox%26settings%3DeyJpZCI6MTQxOCwidXJsIjoiaHR0cHM6XC9cL3d3dy50dXJpc21vdmlsbGFudWV2YWRlbG9zaW5mYW50ZXMuZXNcL3dwLWNvbnRlbnRcL3VwbG9hZHNcLzIwMjJcLzA0XC9BbnlDb252LmNvbV9fZDgyMDU0ODQtNTU1ZC00ZDk4LTlkZjctZWMyN2NkMTg5MTE2LnBuZyIsInNsaWRlc2hvdyI6IjJkNzNlNmQifQ%3D%3D\">\n\t\t\t\t\t<div class=\"e-gallery-image elementor-gallery-item__image\" data-thumbnail=\"https:\/\/www.turismovillanuevadelosinfantes.es\/wp-content\/uploads\/2022\/04\/AnyConv.com__d8205484-555d-4d98-9df7-ec27cd189116-225x300.png\" data-width=\"225\" data-height=\"300\" aria-label=\"\" role=\"img\" ><\/div>\n\t\t\t\t\t\t\t\t\t\t\t<div class=\"elementor-gallery-item__overlay\"><\/div>\n\t\t\t\t\t\t\t\t\t\t\t\t\t\t<\/a>\n\t\t\t\t\t\t\t<a class=\"e-gallery-item elementor-gallery-item elementor-animated-content\" href=\"https:\/\/www.turismovillanuevadelosinfantes.es\/wp-content\/uploads\/2022\/04\/AnyConv.com__5b7cb7f2-1bf3-46b5-a837-6776fb2fed2c.png\" data-elementor-open-lightbox=\"yes\" data-elementor-lightbox-slideshow=\"2d73e6d\" data-elementor-lightbox-title=\"Santuario de Nuestra Se\u00f1ora de la Antigua\" data-e-action-hash=\"#elementor-action%3Aaction%3Dlightbox%26settings%3DeyJpZCI6MTQxNywidXJsIjoiaHR0cHM6XC9cL3d3dy50dXJpc21vdmlsbGFudWV2YWRlbG9zaW5mYW50ZXMuZXNcL3dwLWNvbnRlbnRcL3VwbG9hZHNcLzIwMjJcLzA0XC9BbnlDb252LmNvbV9fNWI3Y2I3ZjItMWJmMy00NmI1LWE4MzctNjc3NmZiMmZlZDJjLnBuZyIsInNsaWRlc2hvdyI6IjJkNzNlNmQifQ%3D%3D\">\n\t\t\t\t\t<div class=\"e-gallery-image elementor-gallery-item__image\" data-thumbnail=\"https:\/\/www.turismovillanuevadelosinfantes.es\/wp-content\/uploads\/2022\/04\/AnyConv.com__5b7cb7f2-1bf3-46b5-a837-6776fb2fed2c-300x225.png\" data-width=\"300\" data-height=\"225\" aria-label=\"\" role=\"img\" ><\/div>\n\t\t\t\t\t\t\t\t\t\t\t<div class=\"elementor-gallery-item__overlay\"><\/div>\n\t\t\t\t\t\t\t\t\t\t\t\t\t\t<\/a>\n\t\t\t\t\t<\/div>\n\t\t\t\t\t<\/div>\n\t\t\t\t<\/div>\n\t\t\t\t\t<\/div>\n\t\t<\/div>\n\t\t\t\t\t<\/div>\n\t\t<\/section>\n\t\t\t\t<\/div>","protected":false},"excerpt":{"rendered":"<p><span style=\"color: #a31c1c;\">Direcci\u00f3n:\u00a0<\/span>Carreter\u00edn de la Virgen\u00a0<a href=\"https:\/\/goo.gl\/maps\/nT6kMv51QHsQPFtf6\" target=\"_blank\" rel=\"noreferrer noopener\">(Ver en Google Maps)<\/a><\/p>\n<p><span style=\"color: #a31c1c;\">Horario:\u00a0<\/span><br \/>\nLunes a Domingo de 09:00 h a 19:00 h.<\/p>\n<p><span style=\"color: #a31c1c;\">Entrada:\u00a0<\/span>Gratuita<\/p>","protected":false},"author":1,"featured_media":1413,"comment_status":"open","ping_status":"open","sticky":false,"template":"","format":"standard","meta":{"footnotes":""},"categories":[8],"tags":[],"class_list":["post-1412","post","type-post","status-publish","format-standard","has-post-thumbnail","hentry","category-arquitectura-religiosa"],"_links":{"self":[{"href":"https:\/\/www.turismovillanuevadelosinfantes.es\/en\/wp-json\/wp\/v2\/posts\/1412","targetHints":{"allow":["GET"]}}],"collection":[{"href":"https:\/\/www.turismovillanuevadelosinfantes.es\/en\/wp-json\/wp\/v2\/posts"}],"about":[{"href":"https:\/\/www.turismovillanuevadelosinfantes.es\/en\/wp-json\/wp\/v2\/types\/post"}],"author":[{"embeddable":true,"href":"https:\/\/www.turismovillanuevadelosinfantes.es\/en\/wp-json\/wp\/v2\/users\/1"}],"replies":[{"embeddable":true,"href":"https:\/\/www.turismovillanuevadelosinfantes.es\/en\/wp-json\/wp\/v2\/comments?post=1412"}],"version-history":[{"count":10,"href":"https:\/\/www.turismovillanuevadelosinfantes.es\/en\/wp-json\/wp\/v2\/posts\/1412\/revisions"}],"predecessor-version":[{"id":3508,"href":"https:\/\/www.turismovillanuevadelosinfantes.es\/en\/wp-json\/wp\/v2\/posts\/1412\/revisions\/3508"}],"wp:featuredmedia":[{"embeddable":true,"href":"https:\/\/www.turismovillanuevadelosinfantes.es\/en\/wp-json\/wp\/v2\/media\/1413"}],"wp:attachment":[{"href":"https:\/\/www.turismovillanuevadelosinfantes.es\/en\/wp-json\/wp\/v2\/media?parent=1412"}],"wp:term":[{"taxonomy":"category","embeddable":true,"href":"https:\/\/www.turismovillanuevadelosinfantes.es\/en\/wp-json\/wp\/v2\/categories?post=1412"},{"taxonomy":"post_tag","embeddable":true,"href":"https:\/\/www.turismovillanuevadelosinfantes.es\/en\/wp-json\/wp\/v2\/tags?post=1412"}],"curies":[{"name":"wp","href":"https:\/\/api.w.org\/{rel}","templated":true}]}}