{"id":1406,"date":"2022-04-22T14:36:45","date_gmt":"2022-04-22T14:36:45","guid":{"rendered":"https:\/\/www.turismovillanuevadelosinfantes.es\/?p=1406"},"modified":"2024-08-27T11:36:45","modified_gmt":"2024-08-27T11:36:45","slug":"ermita-de-jesus-en-pie","status":"publish","type":"post","link":"https:\/\/www.turismovillanuevadelosinfantes.es\/en\/ermita-de-jesus-en-pie\/","title":{"rendered":"Ermita de Jes\u00fas en Pie"},"content":{"rendered":"<div data-elementor-type=\"wp-post\" data-elementor-id=\"1406\" class=\"elementor elementor-1406\" data-elementor-post-type=\"post\">\n\t\t\t\t\t\t<section class=\"elementor-section elementor-top-section elementor-element elementor-element-22fae623 elementor-section-boxed elementor-section-height-default elementor-section-height-default\" data-id=\"22fae623\" data-element_type=\"section\">\n\t\t\t\t\t\t<div class=\"elementor-container elementor-column-gap-default\">\n\t\t\t\t\t<div class=\"elementor-column elementor-col-100 elementor-top-column elementor-element elementor-element-7280ff9c\" data-id=\"7280ff9c\" data-element_type=\"column\">\n\t\t\t<div class=\"elementor-widget-wrap elementor-element-populated\">\n\t\t\t\t\t\t<div class=\"elementor-element elementor-element-2d4ad9f5 elementor-widget elementor-widget-text-editor\" data-id=\"2d4ad9f5\" data-element_type=\"widget\" data-widget_type=\"text-editor.default\">\n\t\t\t\t<div class=\"elementor-widget-container\">\n\t\t\t\t\t\t\t\t\t<p><\/p>\n<p>Ya en el siglo XVI se dice haber una peque\u00f1a ermita en el camino de Valosolmos, a medio camino entre la Villa y el cerro de San Crist\u00f3bal, que est\u00e1 junto a la fuente de la Mora. A finales del siglo XVII llega a la Villa como Gobernador un hombre rico y piadoso.<\/p>\n<p>\u00a0<\/p>\n<p><\/p>\n<p><\/p>\n<p>Se desconocen los motivos que le llevaron a ampliar dicha ermita que dedic\u00f3 a Nuestro Padre Jes\u00fas bajo la advocaci\u00f3n de Jes\u00fas Sentado, ya que era la actitud que presentaba la imagen. Dec\u00eda una inscripci\u00f3n en la b\u00f3veda de la capilla: \u201cESTA ERMITA DEL SE\u00d1OR SENTADO LA HIZO A SU COSTA Y DEVOCI\u00d3N EL SE\u00d1OR DON FRANCISCO QUIJANO Y CEVALLOS COMENDADOR DE OCA\u00d1A EN LA ORDEN DE SANTIAGO, GOBERNADOR DE ESTA VILLA Y CAPIT\u00c1N DE GUERRA DE LA VILLA Y CAMPO DE MONTIEL POR SU MAJESTAD, A\u00d1O 1700\u201d.<\/p>\n<p>\u00a0<\/p>\n<p><\/p>\n<p><\/p>\n<p>A las puertas de la ermita se encuentran las armas de un Caballero de la Orden de San Juan y que colabor\u00f3 con el gobernador D. Francisco de Quijano en la ampliaci\u00f3n de dicha ermita, as\u00ed como las de un Caballero de la Orden de Calatrava.<\/p>\n<p><\/p>\t\t\t\t\t\t\t\t<\/div>\n\t\t\t\t<\/div>\n\t\t\t\t\t<\/div>\n\t\t<\/div>\n\t\t\t\t\t<\/div>\n\t\t<\/section>\n\t\t\t\t<section class=\"elementor-section elementor-top-section elementor-element elementor-element-9760ab6 elementor-section-boxed elementor-section-height-default elementor-section-height-default\" data-id=\"9760ab6\" data-element_type=\"section\">\n\t\t\t\t\t\t<div class=\"elementor-container elementor-column-gap-default\">\n\t\t\t\t\t<div class=\"elementor-column elementor-col-100 elementor-top-column elementor-element elementor-element-78aa94e\" data-id=\"78aa94e\" data-element_type=\"column\">\n\t\t\t<div class=\"elementor-widget-wrap elementor-element-populated\">\n\t\t\t\t\t\t<div class=\"elementor-element elementor-element-88fc90c elementor-widget elementor-widget-heading\" data-id=\"88fc90c\" data-element_type=\"widget\" data-widget_type=\"heading.default\">\n\t\t\t\t<div class=\"elementor-widget-container\">\n\t\t\t\t\t<h3 class=\"elementor-heading-title elementor-size-default\">Galer\u00eda de im\u00e1genes<\/h3>\t\t\t\t<\/div>\n\t\t\t\t<\/div>\n\t\t\t\t<div class=\"elementor-element elementor-element-e003022 elementor-widget elementor-widget-gallery\" data-id=\"e003022\" data-element_type=\"widget\" data-settings=\"{&quot;columns&quot;:3,&quot;aspect_ratio&quot;:&quot;1:1&quot;,&quot;lazyload&quot;:&quot;yes&quot;,&quot;gallery_layout&quot;:&quot;grid&quot;,&quot;columns_tablet&quot;:2,&quot;columns_mobile&quot;:1,&quot;gap&quot;:{&quot;unit&quot;:&quot;px&quot;,&quot;size&quot;:10,&quot;sizes&quot;:[]},&quot;gap_tablet&quot;:{&quot;unit&quot;:&quot;px&quot;,&quot;size&quot;:10,&quot;sizes&quot;:[]},&quot;gap_mobile&quot;:{&quot;unit&quot;:&quot;px&quot;,&quot;size&quot;:10,&quot;sizes&quot;:[]},&quot;link_to&quot;:&quot;file&quot;,&quot;overlay_background&quot;:&quot;yes&quot;,&quot;content_hover_animation&quot;:&quot;fade-in&quot;}\" data-widget_type=\"gallery.default\">\n\t\t\t\t<div class=\"elementor-widget-container\">\n\t\t\t\t\t\t\t<div class=\"elementor-gallery__container\">\n\t\t\t\t\t\t\t<a class=\"e-gallery-item elementor-gallery-item elementor-animated-content\" href=\"https:\/\/www.turismovillanuevadelosinfantes.es\/wp-content\/uploads\/2022\/04\/IMG_9486-scaled.jpg\" data-elementor-open-lightbox=\"yes\" data-elementor-lightbox-slideshow=\"e003022\" data-elementor-lightbox-title=\"Ermita de Jes\u00fas en Pie\" data-e-action-hash=\"#elementor-action%3Aaction%3Dlightbox%26settings%3DeyJpZCI6MTQwNywidXJsIjoiaHR0cHM6XC9cL3d3dy50dXJpc21vdmlsbGFudWV2YWRlbG9zaW5mYW50ZXMuZXNcL3dwLWNvbnRlbnRcL3VwbG9hZHNcLzIwMjJcLzA0XC9JTUdfOTQ4Ni1zY2FsZWQuanBnIiwic2xpZGVzaG93IjoiZTAwMzAyMiJ9\">\n\t\t\t\t\t<div class=\"e-gallery-image elementor-gallery-item__image\" data-thumbnail=\"https:\/\/www.turismovillanuevadelosinfantes.es\/wp-content\/uploads\/2022\/04\/IMG_9486-300x200.jpg\" data-width=\"300\" data-height=\"200\" aria-label=\"\" role=\"img\" ><\/div>\n\t\t\t\t\t\t\t\t\t\t\t<div class=\"elementor-gallery-item__overlay\"><\/div>\n\t\t\t\t\t\t\t\t\t\t\t\t\t\t<\/a>\n\t\t\t\t\t<\/div>\n\t\t\t\t\t<\/div>\n\t\t\t\t<\/div>\n\t\t\t\t\t<\/div>\n\t\t<\/div>\n\t\t\t\t\t<\/div>\n\t\t<\/section>\n\t\t\t\t<\/div>","protected":false},"excerpt":{"rendered":"<p><span style=\"color: #a31c1c;\">Direcci\u00f3n:\u00a0<\/span>Camino de Jes\u00fas en Pie\u00a0<a href=\"https:\/\/goo.gl\/maps\/TyhJfKAsjKxRMjP79\" target=\"_blank\" rel=\"noreferrer noopener\">(Ver en Google Maps)<\/a><\/p>\n<p><span style=\"color: #a31c1c;\">Horario:\u00a0<\/span>No disponible.<\/p>\n<p><span style=\"color: #a31c1c;\">Entrada:\u00a0<\/span>Gratuita<\/p>","protected":false},"author":1,"featured_media":1407,"comment_status":"open","ping_status":"open","sticky":false,"template":"","format":"standard","meta":{"footnotes":""},"categories":[8],"tags":[],"class_list":["post-1406","post","type-post","status-publish","format-standard","has-post-thumbnail","hentry","category-arquitectura-religiosa"],"_links":{"self":[{"href":"https:\/\/www.turismovillanuevadelosinfantes.es\/en\/wp-json\/wp\/v2\/posts\/1406","targetHints":{"allow":["GET"]}}],"collection":[{"href":"https:\/\/www.turismovillanuevadelosinfantes.es\/en\/wp-json\/wp\/v2\/posts"}],"about":[{"href":"https:\/\/www.turismovillanuevadelosinfantes.es\/en\/wp-json\/wp\/v2\/types\/post"}],"author":[{"embeddable":true,"href":"https:\/\/www.turismovillanuevadelosinfantes.es\/en\/wp-json\/wp\/v2\/users\/1"}],"replies":[{"embeddable":true,"href":"https:\/\/www.turismovillanuevadelosinfantes.es\/en\/wp-json\/wp\/v2\/comments?post=1406"}],"version-history":[{"count":4,"href":"https:\/\/www.turismovillanuevadelosinfantes.es\/en\/wp-json\/wp\/v2\/posts\/1406\/revisions"}],"predecessor-version":[{"id":3077,"href":"https:\/\/www.turismovillanuevadelosinfantes.es\/en\/wp-json\/wp\/v2\/posts\/1406\/revisions\/3077"}],"wp:featuredmedia":[{"embeddable":true,"href":"https:\/\/www.turismovillanuevadelosinfantes.es\/en\/wp-json\/wp\/v2\/media\/1407"}],"wp:attachment":[{"href":"https:\/\/www.turismovillanuevadelosinfantes.es\/en\/wp-json\/wp\/v2\/media?parent=1406"}],"wp:term":[{"taxonomy":"category","embeddable":true,"href":"https:\/\/www.turismovillanuevadelosinfantes.es\/en\/wp-json\/wp\/v2\/categories?post=1406"},{"taxonomy":"post_tag","embeddable":true,"href":"https:\/\/www.turismovillanuevadelosinfantes.es\/en\/wp-json\/wp\/v2\/tags?post=1406"}],"curies":[{"name":"wp","href":"https:\/\/api.w.org\/{rel}","templated":true}]}}