{"id":1388,"date":"2022-04-21T19:48:07","date_gmt":"2022-04-21T19:48:07","guid":{"rendered":"https:\/\/www.turismovillanuevadelosinfantes.es\/?p=1388"},"modified":"2024-08-27T11:43:40","modified_gmt":"2024-08-27T11:43:40","slug":"ermita-de-san-miguel","status":"publish","type":"post","link":"https:\/\/www.turismovillanuevadelosinfantes.es\/en\/ermita-de-san-miguel\/","title":{"rendered":"Ermita de San Miguel"},"content":{"rendered":"<div data-elementor-type=\"wp-post\" data-elementor-id=\"1388\" class=\"elementor elementor-1388\" data-elementor-post-type=\"post\">\n\t\t\t\t\t\t<section class=\"elementor-section elementor-top-section elementor-element elementor-element-37294f4b elementor-section-boxed elementor-section-height-default elementor-section-height-default\" data-id=\"37294f4b\" data-element_type=\"section\">\n\t\t\t\t\t\t<div class=\"elementor-container elementor-column-gap-default\">\n\t\t\t\t\t<div class=\"elementor-column elementor-col-100 elementor-top-column elementor-element elementor-element-4af60005\" data-id=\"4af60005\" data-element_type=\"column\">\n\t\t\t<div class=\"elementor-widget-wrap elementor-element-populated\">\n\t\t\t\t\t\t<div class=\"elementor-element elementor-element-f9342f6 elementor-widget elementor-widget-text-editor\" data-id=\"f9342f6\" data-element_type=\"widget\" data-widget_type=\"text-editor.default\">\n\t\t\t\t<div class=\"elementor-widget-container\">\n\t\t\t\t\t\t\t\t\t<p><\/p>\n<p>Al final de la calle La Fuente, en el siglo XVI, exist\u00edan unas huertas, las cuales manda comprar un librero afincado en Villanueva de los Infantes, llamado Miguel Morales, hombre rico y hacendado. Al final de sus d\u00edas manda llamar al Bachiller Fernando de Coca, Presb\u00edtero de la Vicaria del Campo de Montiel, y requiere hacer testamento el d\u00eda 23 de febrero de 1588.<\/p>\n<p>\u00a0<\/p>\n<p><\/p>\n<p><\/p>\n<p>Pide hacer una ermita bajo la advocaci\u00f3n de San Miguel, para lo cual Miguel Morales dispone comprar la tierra necesaria para ello. Con los bienes que hab\u00eda dejado se edificase la ermita, y ordena que tuviese por medidas cien pies de largo por veinticinco de ancho, dejando para ello las dos fincas y con sus beneficios para su reparaci\u00f3n y mantenimiento.<\/p>\n<p>\u00a0<\/p>\n<p><\/p>\n<p><\/p>\n<p>Tras la construcci\u00f3n se puso una imagen de talla de San Miguel, estofada y pintada de tama\u00f1o natural, nombrando por patr\u00f3n de la ermita a San Miguel, y haciendo Cofrad\u00eda y Cofrades y eligiendo mayordomos. Cuando el Visitador de la Orden de Santiago el a\u00f1o 1719 hace visita a la villa pasa a reconocer la ermita y as\u00ed lo escribe en su libro de visitas.<\/p>\n<p>\u00a0<\/p>\n<p><\/p>\n<p><\/p>\n<p>Entonces se encuentra como mayordoma D\u00aa Isabel Vara de Rey, mujer que fue de Garc\u00eda Castellanos. Miguel Morales al no ser hombre hijosdalgo, sino rico hombre pechero, no tiene armas her\u00e1ldicas en sus casas, por lo cual manda se pongan sobre las puertas de las ermitas las armas del gremio de libreros de la villa. Esta es la ermita que hoy conocemos de San Miguel, a la parte de levante de la villa, pero seg\u00fan la situaci\u00f3n del pueblo en el siglo XVI, la antigua ermita estar\u00eda situada a unos quinientos metros m\u00e1s adentro del pueblo, ya que la calle de la Fuente, s\u00f3lo llegaba hasta la huerta del convento de San Francisco, cuyas tapias estaban en lo que hoy conocemos como calle de San Isidro.\u00a0<\/p>\n<figure class=\"wp-block-gallery has-nested-images columns-default is-cropped\">\n<p><\/p>\n<\/figure>\n<p><!-- \/wp:gallery --><\/p>\t\t\t\t\t\t\t\t<\/div>\n\t\t\t\t<\/div>\n\t\t\t\t\t<\/div>\n\t\t<\/div>\n\t\t\t\t\t<\/div>\n\t\t<\/section>\n\t\t\t\t<section class=\"elementor-section elementor-top-section elementor-element elementor-element-41147ca elementor-section-boxed elementor-section-height-default elementor-section-height-default\" data-id=\"41147ca\" data-element_type=\"section\">\n\t\t\t\t\t\t<div class=\"elementor-container elementor-column-gap-default\">\n\t\t\t\t\t<div class=\"elementor-column elementor-col-100 elementor-top-column elementor-element elementor-element-ad60a88\" data-id=\"ad60a88\" data-element_type=\"column\">\n\t\t\t<div class=\"elementor-widget-wrap elementor-element-populated\">\n\t\t\t\t\t\t<div class=\"elementor-element elementor-element-edb2f60 elementor-widget elementor-widget-heading\" data-id=\"edb2f60\" data-element_type=\"widget\" data-widget_type=\"heading.default\">\n\t\t\t\t<div class=\"elementor-widget-container\">\n\t\t\t\t\t<h3 class=\"elementor-heading-title elementor-size-default\">Galer\u00eda de im\u00e1genes<\/h3>\t\t\t\t<\/div>\n\t\t\t\t<\/div>\n\t\t\t\t<div class=\"elementor-element elementor-element-db64053 elementor-widget elementor-widget-gallery\" data-id=\"db64053\" data-element_type=\"widget\" data-settings=\"{&quot;columns&quot;:3,&quot;aspect_ratio&quot;:&quot;1:1&quot;,&quot;lazyload&quot;:&quot;yes&quot;,&quot;gallery_layout&quot;:&quot;grid&quot;,&quot;columns_tablet&quot;:2,&quot;columns_mobile&quot;:1,&quot;gap&quot;:{&quot;unit&quot;:&quot;px&quot;,&quot;size&quot;:10,&quot;sizes&quot;:[]},&quot;gap_tablet&quot;:{&quot;unit&quot;:&quot;px&quot;,&quot;size&quot;:10,&quot;sizes&quot;:[]},&quot;gap_mobile&quot;:{&quot;unit&quot;:&quot;px&quot;,&quot;size&quot;:10,&quot;sizes&quot;:[]},&quot;link_to&quot;:&quot;file&quot;,&quot;overlay_background&quot;:&quot;yes&quot;,&quot;content_hover_animation&quot;:&quot;fade-in&quot;}\" data-widget_type=\"gallery.default\">\n\t\t\t\t<div class=\"elementor-widget-container\">\n\t\t\t\t\t\t\t<div class=\"elementor-gallery__container\">\n\t\t\t\t\t\t\t<a class=\"e-gallery-item elementor-gallery-item elementor-animated-content\" href=\"https:\/\/www.turismovillanuevadelosinfantes.es\/wp-content\/uploads\/2024\/08\/Entrada-ermita-San-Miguel-y-San-Cristobal-scaled.jpg\" data-elementor-open-lightbox=\"yes\" data-elementor-lightbox-slideshow=\"db64053\" data-elementor-lightbox-title=\"Entrada ermita San Miguel y San Cristobal\" data-e-action-hash=\"#elementor-action%3Aaction%3Dlightbox%26settings%3DeyJpZCI6Mjk5MSwidXJsIjoiaHR0cHM6XC9cL3d3dy50dXJpc21vdmlsbGFudWV2YWRlbG9zaW5mYW50ZXMuZXNcL3dwLWNvbnRlbnRcL3VwbG9hZHNcLzIwMjRcLzA4XC9FbnRyYWRhLWVybWl0YS1TYW4tTWlndWVsLXktU2FuLUNyaXN0b2JhbC1zY2FsZWQuanBnIiwic2xpZGVzaG93IjoiZGI2NDA1MyJ9\">\n\t\t\t\t\t<div class=\"e-gallery-image elementor-gallery-item__image\" data-thumbnail=\"https:\/\/www.turismovillanuevadelosinfantes.es\/wp-content\/uploads\/2024\/08\/Entrada-ermita-San-Miguel-y-San-Cristobal-300x225.jpg\" data-width=\"300\" data-height=\"225\" aria-label=\"\" role=\"img\" ><\/div>\n\t\t\t\t\t\t\t\t\t\t\t<div class=\"elementor-gallery-item__overlay\"><\/div>\n\t\t\t\t\t\t\t\t\t\t\t\t\t\t<\/a>\n\t\t\t\t\t\t\t<a class=\"e-gallery-item elementor-gallery-item elementor-animated-content\" href=\"https:\/\/www.turismovillanuevadelosinfantes.es\/wp-content\/uploads\/2024\/08\/Titulares-de-la-ermita-San-Miguel-y-San-Cristobal-scaled.jpg\" data-elementor-open-lightbox=\"yes\" data-elementor-lightbox-slideshow=\"db64053\" data-elementor-lightbox-title=\"Titulares de la ermita San Miguel y San Cristobal\" data-e-action-hash=\"#elementor-action%3Aaction%3Dlightbox%26settings%3DeyJpZCI6MzA4OSwidXJsIjoiaHR0cHM6XC9cL3d3dy50dXJpc21vdmlsbGFudWV2YWRlbG9zaW5mYW50ZXMuZXNcL3dwLWNvbnRlbnRcL3VwbG9hZHNcLzIwMjRcLzA4XC9UaXR1bGFyZXMtZGUtbGEtZXJtaXRhLVNhbi1NaWd1ZWwteS1TYW4tQ3Jpc3RvYmFsLXNjYWxlZC5qcGciLCJzbGlkZXNob3ciOiJkYjY0MDUzIn0%3D\">\n\t\t\t\t\t<div class=\"e-gallery-image elementor-gallery-item__image\" data-thumbnail=\"https:\/\/www.turismovillanuevadelosinfantes.es\/wp-content\/uploads\/2024\/08\/Titulares-de-la-ermita-San-Miguel-y-San-Cristobal-300x225.jpg\" data-width=\"300\" data-height=\"225\" aria-label=\"\" role=\"img\" ><\/div>\n\t\t\t\t\t\t\t\t\t\t\t<div class=\"elementor-gallery-item__overlay\"><\/div>\n\t\t\t\t\t\t\t\t\t\t\t\t\t\t<\/a>\n\t\t\t\t\t<\/div>\n\t\t\t\t\t<\/div>\n\t\t\t\t<\/div>\n\t\t\t\t\t<\/div>\n\t\t<\/div>\n\t\t\t\t\t<\/div>\n\t\t<\/section>\n\t\t\t\t<\/div>","protected":false},"excerpt":{"rendered":"<p><span style=\"color: #a31c1c;\">Direcci&oacute;n: <\/span>Camino de San Miguel, s\/n <a href=\"https:\/\/goo.gl\/maps\/VYbJZg1Zz36s9vUZ6\" target=\"_blank\" rel=\"noreferrer noopener\">(Ver en Google Maps)<\/a><\/p>\n<p><span style=\"color: #a31c1c;\">Horario:&nbsp;<\/span>No disponible.<\/p>\n<p><span style=\"color: #a31c1c;\">Entrada:&nbsp;<\/span>Gratuita<\/p>","protected":false},"author":1,"featured_media":1389,"comment_status":"open","ping_status":"open","sticky":false,"template":"","format":"standard","meta":{"footnotes":""},"categories":[8],"tags":[],"class_list":["post-1388","post","type-post","status-publish","format-standard","has-post-thumbnail","hentry","category-arquitectura-religiosa"],"_links":{"self":[{"href":"https:\/\/www.turismovillanuevadelosinfantes.es\/en\/wp-json\/wp\/v2\/posts\/1388","targetHints":{"allow":["GET"]}}],"collection":[{"href":"https:\/\/www.turismovillanuevadelosinfantes.es\/en\/wp-json\/wp\/v2\/posts"}],"about":[{"href":"https:\/\/www.turismovillanuevadelosinfantes.es\/en\/wp-json\/wp\/v2\/types\/post"}],"author":[{"embeddable":true,"href":"https:\/\/www.turismovillanuevadelosinfantes.es\/en\/wp-json\/wp\/v2\/users\/1"}],"replies":[{"embeddable":true,"href":"https:\/\/www.turismovillanuevadelosinfantes.es\/en\/wp-json\/wp\/v2\/comments?post=1388"}],"version-history":[{"count":4,"href":"https:\/\/www.turismovillanuevadelosinfantes.es\/en\/wp-json\/wp\/v2\/posts\/1388\/revisions"}],"predecessor-version":[{"id":3092,"href":"https:\/\/www.turismovillanuevadelosinfantes.es\/en\/wp-json\/wp\/v2\/posts\/1388\/revisions\/3092"}],"wp:featuredmedia":[{"embeddable":true,"href":"https:\/\/www.turismovillanuevadelosinfantes.es\/en\/wp-json\/wp\/v2\/media\/1389"}],"wp:attachment":[{"href":"https:\/\/www.turismovillanuevadelosinfantes.es\/en\/wp-json\/wp\/v2\/media?parent=1388"}],"wp:term":[{"taxonomy":"category","embeddable":true,"href":"https:\/\/www.turismovillanuevadelosinfantes.es\/en\/wp-json\/wp\/v2\/categories?post=1388"},{"taxonomy":"post_tag","embeddable":true,"href":"https:\/\/www.turismovillanuevadelosinfantes.es\/en\/wp-json\/wp\/v2\/tags?post=1388"}],"curies":[{"name":"wp","href":"https:\/\/api.w.org\/{rel}","templated":true}]}}