{"id":1304,"date":"2022-04-20T19:25:58","date_gmt":"2022-04-20T19:25:58","guid":{"rendered":"https:\/\/www.turismovillanuevadelosinfantes.es\/?p=1304"},"modified":"2024-09-13T10:27:23","modified_gmt":"2024-09-13T10:27:23","slug":"oratorio-de-santo-tomasillo","status":"publish","type":"post","link":"https:\/\/www.turismovillanuevadelosinfantes.es\/en\/oratorio-de-santo-tomasillo\/","title":{"rendered":"Oratorio y Casa de Santo Tom\u00e1s"},"content":{"rendered":"<div data-elementor-type=\"wp-post\" data-elementor-id=\"1304\" class=\"elementor elementor-1304\" data-elementor-post-type=\"post\">\n\t\t\t\t\t\t<section class=\"elementor-section elementor-top-section elementor-element elementor-element-7336fd32 elementor-section-boxed elementor-section-height-default elementor-section-height-default\" data-id=\"7336fd32\" data-element_type=\"section\">\n\t\t\t\t\t\t<div class=\"elementor-container elementor-column-gap-default\">\n\t\t\t\t\t<div class=\"elementor-column elementor-col-100 elementor-top-column elementor-element elementor-element-77b9e4ec\" data-id=\"77b9e4ec\" data-element_type=\"column\">\n\t\t\t<div class=\"elementor-widget-wrap elementor-element-populated\">\n\t\t\t\t\t\t<div class=\"elementor-element elementor-element-5b0b2a9f elementor-widget elementor-widget-text-editor\" data-id=\"5b0b2a9f\" data-element_type=\"widget\" data-widget_type=\"text-editor.default\">\n\t\t\t\t<div class=\"elementor-widget-container\">\n\t\t\t\t\t\t\t\t\t\n<p>El Oratorio \u00abde Santo Tomasillo\u00bb es un edificio de los pocos existentes de estilo barroco pleno, construido probablemente para su beatificaci\u00f3n (1618) o su canonizaci\u00f3n (1648). Se le conoce popularmente de esta manera por ser una capilla frecuentada en su infancia por Santo Tom\u00e1s de Villanueva. Es una peque\u00f1a edificaci\u00f3n de sillares en la parte baja y mamposter\u00eda y ladrillo en la superior con espada\u00f1a. Se decora con una portadilla de dos cuerpos, adintelado el inferior entre est\u00edpites con guirnaldas de frutas, que se reitera en el friso y alrededor de la cartela con la dedicaci\u00f3n \u00abOratorio en casa de los Aguados A\u00f1o 1713\u00bb.<\/p>\n\n<p>\u00a0<\/p>\n<p>Frente al Oratorio se encuentra la casa en la que vivi\u00f3 Santo Tom\u00e1s de Villanueva. Presenta una sobria estructura de siller\u00eda con sencillo balc\u00f3n corrido y her\u00e1ldica arzobispal del Santo en la esquina que definen la fachada. El mencionado escudo es cuartelado: en el primero tiene un coraz\u00f3n atravesado por una flecha, en el segundo una estrella, en el tercero un castillo sobre pe\u00f1as y tres ballestas (pues Santo Tom\u00e1s estaba emparentado con la familia de los Ballesteros), y en el cuarto un le\u00f3n. En la actualidad existe una placa conmemorativa del IV Centenario de su muerte.<\/p>\n\t\t\t\t\t\t\t\t<\/div>\n\t\t\t\t<\/div>\n\t\t\t\t\t<\/div>\n\t\t<\/div>\n\t\t\t\t\t<\/div>\n\t\t<\/section>\n\t\t\t\t<section class=\"elementor-section elementor-top-section elementor-element elementor-element-28918d1 elementor-section-boxed elementor-section-height-default elementor-section-height-default\" data-id=\"28918d1\" data-element_type=\"section\">\n\t\t\t\t\t\t<div class=\"elementor-container elementor-column-gap-default\">\n\t\t\t\t\t<div class=\"elementor-column elementor-col-100 elementor-top-column elementor-element elementor-element-07f62d3\" data-id=\"07f62d3\" data-element_type=\"column\">\n\t\t\t<div class=\"elementor-widget-wrap elementor-element-populated\">\n\t\t\t\t\t\t<div class=\"elementor-element elementor-element-158f947 elementor-widget elementor-widget-heading\" data-id=\"158f947\" data-element_type=\"widget\" data-widget_type=\"heading.default\">\n\t\t\t\t<div class=\"elementor-widget-container\">\n\t\t\t\t\t<h3 class=\"elementor-heading-title elementor-size-default\">Galer\u00eda de im\u00e1genes<\/h3>\t\t\t\t<\/div>\n\t\t\t\t<\/div>\n\t\t\t\t<div class=\"elementor-element elementor-element-2ce2987 elementor-widget elementor-widget-gallery\" data-id=\"2ce2987\" data-element_type=\"widget\" data-settings=\"{&quot;columns&quot;:3,&quot;aspect_ratio&quot;:&quot;1:1&quot;,&quot;lazyload&quot;:&quot;yes&quot;,&quot;gallery_layout&quot;:&quot;grid&quot;,&quot;columns_tablet&quot;:2,&quot;columns_mobile&quot;:1,&quot;gap&quot;:{&quot;unit&quot;:&quot;px&quot;,&quot;size&quot;:10,&quot;sizes&quot;:[]},&quot;gap_tablet&quot;:{&quot;unit&quot;:&quot;px&quot;,&quot;size&quot;:10,&quot;sizes&quot;:[]},&quot;gap_mobile&quot;:{&quot;unit&quot;:&quot;px&quot;,&quot;size&quot;:10,&quot;sizes&quot;:[]},&quot;link_to&quot;:&quot;file&quot;,&quot;overlay_background&quot;:&quot;yes&quot;,&quot;content_hover_animation&quot;:&quot;fade-in&quot;}\" data-widget_type=\"gallery.default\">\n\t\t\t\t<div class=\"elementor-widget-container\">\n\t\t\t\t\t\t\t<div class=\"elementor-gallery__container\">\n\t\t\t\t\t\t\t<a class=\"e-gallery-item elementor-gallery-item elementor-animated-content\" href=\"https:\/\/www.turismovillanuevadelosinfantes.es\/wp-content\/uploads\/2022\/04\/IMG_2401-scaled.jpg\" data-elementor-open-lightbox=\"yes\" data-elementor-lightbox-slideshow=\"2ce2987\" data-elementor-lightbox-title=\"Oratorio de Santo Tomasillo\" data-e-action-hash=\"#elementor-action%3Aaction%3Dlightbox%26settings%3DeyJpZCI6MTMwNiwidXJsIjoiaHR0cHM6XC9cL3d3dy50dXJpc21vdmlsbGFudWV2YWRlbG9zaW5mYW50ZXMuZXNcL3dwLWNvbnRlbnRcL3VwbG9hZHNcLzIwMjJcLzA0XC9JTUdfMjQwMS1zY2FsZWQuanBnIiwic2xpZGVzaG93IjoiMmNlMjk4NyJ9\">\n\t\t\t\t\t<div class=\"e-gallery-image elementor-gallery-item__image\" data-thumbnail=\"https:\/\/www.turismovillanuevadelosinfantes.es\/wp-content\/uploads\/2022\/04\/IMG_2401-200x300.jpg\" data-width=\"200\" data-height=\"300\" aria-label=\"\" role=\"img\" ><\/div>\n\t\t\t\t\t\t\t\t\t\t\t<div class=\"elementor-gallery-item__overlay\"><\/div>\n\t\t\t\t\t\t\t\t\t\t\t\t\t\t<\/a>\n\t\t\t\t\t\t\t<a class=\"e-gallery-item elementor-gallery-item elementor-animated-content\" href=\"https:\/\/www.turismovillanuevadelosinfantes.es\/wp-content\/uploads\/2022\/04\/IMG_2394-scaled.jpg\" data-elementor-open-lightbox=\"yes\" data-elementor-lightbox-slideshow=\"2ce2987\" data-elementor-lightbox-title=\"Oratorio de Santo Tomasillo\" data-e-action-hash=\"#elementor-action%3Aaction%3Dlightbox%26settings%3DeyJpZCI6MTMwNSwidXJsIjoiaHR0cHM6XC9cL3d3dy50dXJpc21vdmlsbGFudWV2YWRlbG9zaW5mYW50ZXMuZXNcL3dwLWNvbnRlbnRcL3VwbG9hZHNcLzIwMjJcLzA0XC9JTUdfMjM5NC1zY2FsZWQuanBnIiwic2xpZGVzaG93IjoiMmNlMjk4NyJ9\">\n\t\t\t\t\t<div class=\"e-gallery-image elementor-gallery-item__image\" data-thumbnail=\"https:\/\/www.turismovillanuevadelosinfantes.es\/wp-content\/uploads\/2022\/04\/IMG_2394-200x300.jpg\" data-width=\"200\" data-height=\"300\" aria-label=\"\" role=\"img\" ><\/div>\n\t\t\t\t\t\t\t\t\t\t\t<div class=\"elementor-gallery-item__overlay\"><\/div>\n\t\t\t\t\t\t\t\t\t\t\t\t\t\t<\/a>\n\t\t\t\t\t\t\t<a class=\"e-gallery-item elementor-gallery-item elementor-animated-content\" href=\"https:\/\/www.turismovillanuevadelosinfantes.es\/wp-content\/uploads\/2024\/08\/IMG_2403-scaled.jpg\" data-elementor-open-lightbox=\"yes\" data-elementor-lightbox-slideshow=\"2ce2987\" data-elementor-lightbox-title=\"IMG_2403\" data-e-action-hash=\"#elementor-action%3Aaction%3Dlightbox%26settings%3DeyJpZCI6MzEzNSwidXJsIjoiaHR0cHM6XC9cL3d3dy50dXJpc21vdmlsbGFudWV2YWRlbG9zaW5mYW50ZXMuZXNcL3dwLWNvbnRlbnRcL3VwbG9hZHNcLzIwMjRcLzA4XC9JTUdfMjQwMy1zY2FsZWQuanBnIiwic2xpZGVzaG93IjoiMmNlMjk4NyJ9\">\n\t\t\t\t\t<div class=\"e-gallery-image elementor-gallery-item__image\" data-thumbnail=\"https:\/\/www.turismovillanuevadelosinfantes.es\/wp-content\/uploads\/2024\/08\/IMG_2403-300x200.jpg\" data-width=\"300\" data-height=\"200\" aria-label=\"\" role=\"img\" ><\/div>\n\t\t\t\t\t\t\t\t\t\t\t<div class=\"elementor-gallery-item__overlay\"><\/div>\n\t\t\t\t\t\t\t\t\t\t\t\t\t\t<\/a>\n\t\t\t\t\t\t\t<a class=\"e-gallery-item elementor-gallery-item elementor-animated-content\" href=\"https:\/\/www.turismovillanuevadelosinfantes.es\/wp-content\/uploads\/2024\/08\/IMG_2404-scaled.jpg\" data-elementor-open-lightbox=\"yes\" data-elementor-lightbox-slideshow=\"2ce2987\" data-elementor-lightbox-title=\"IMG_2404\" data-e-action-hash=\"#elementor-action%3Aaction%3Dlightbox%26settings%3DeyJpZCI6MzEzNiwidXJsIjoiaHR0cHM6XC9cL3d3dy50dXJpc21vdmlsbGFudWV2YWRlbG9zaW5mYW50ZXMuZXNcL3dwLWNvbnRlbnRcL3VwbG9hZHNcLzIwMjRcLzA4XC9JTUdfMjQwNC1zY2FsZWQuanBnIiwic2xpZGVzaG93IjoiMmNlMjk4NyJ9\">\n\t\t\t\t\t<div class=\"e-gallery-image elementor-gallery-item__image\" data-thumbnail=\"https:\/\/www.turismovillanuevadelosinfantes.es\/wp-content\/uploads\/2024\/08\/IMG_2404-300x200.jpg\" data-width=\"300\" data-height=\"200\" aria-label=\"\" role=\"img\" ><\/div>\n\t\t\t\t\t\t\t\t\t\t\t<div class=\"elementor-gallery-item__overlay\"><\/div>\n\t\t\t\t\t\t\t\t\t\t\t\t\t\t<\/a>\n\t\t\t\t\t<\/div>\n\t\t\t\t\t<\/div>\n\t\t\t\t<\/div>\n\t\t\t\t\t<\/div>\n\t\t<\/div>\n\t\t\t\t\t<\/div>\n\t\t<\/section>\n\t\t\t\t<\/div>","protected":false},"excerpt":{"rendered":"<p><span style=\"color: #a31c1c;\">Direcci\u00f3n: <\/span>Calle Santo Tom\u00e1s, 25&nbsp;<a href=\"https:\/\/goo.gl\/maps\/C685HbE3jZCPbaCY7\" target=\"_blank\" rel=\"noreferrer noopener\">(Ver en Google Maps)<\/a><\/p>\n<p><span style=\"color: #a31c1c;\">Horario:&nbsp;<\/span>No disponible.<\/p>\n<p><span style=\"color: #a31c1c;\">Entrada:&nbsp;<\/span>Gratuita<\/p>","protected":false},"author":1,"featured_media":1305,"comment_status":"open","ping_status":"open","sticky":false,"template":"","format":"standard","meta":{"footnotes":""},"categories":[8],"tags":[],"class_list":["post-1304","post","type-post","status-publish","format-standard","has-post-thumbnail","hentry","category-arquitectura-religiosa"],"_links":{"self":[{"href":"https:\/\/www.turismovillanuevadelosinfantes.es\/en\/wp-json\/wp\/v2\/posts\/1304","targetHints":{"allow":["GET"]}}],"collection":[{"href":"https:\/\/www.turismovillanuevadelosinfantes.es\/en\/wp-json\/wp\/v2\/posts"}],"about":[{"href":"https:\/\/www.turismovillanuevadelosinfantes.es\/en\/wp-json\/wp\/v2\/types\/post"}],"author":[{"embeddable":true,"href":"https:\/\/www.turismovillanuevadelosinfantes.es\/en\/wp-json\/wp\/v2\/users\/1"}],"replies":[{"embeddable":true,"href":"https:\/\/www.turismovillanuevadelosinfantes.es\/en\/wp-json\/wp\/v2\/comments?post=1304"}],"version-history":[{"count":9,"href":"https:\/\/www.turismovillanuevadelosinfantes.es\/en\/wp-json\/wp\/v2\/posts\/1304\/revisions"}],"predecessor-version":[{"id":3248,"href":"https:\/\/www.turismovillanuevadelosinfantes.es\/en\/wp-json\/wp\/v2\/posts\/1304\/revisions\/3248"}],"wp:featuredmedia":[{"embeddable":true,"href":"https:\/\/www.turismovillanuevadelosinfantes.es\/en\/wp-json\/wp\/v2\/media\/1305"}],"wp:attachment":[{"href":"https:\/\/www.turismovillanuevadelosinfantes.es\/en\/wp-json\/wp\/v2\/media?parent=1304"}],"wp:term":[{"taxonomy":"category","embeddable":true,"href":"https:\/\/www.turismovillanuevadelosinfantes.es\/en\/wp-json\/wp\/v2\/categories?post=1304"},{"taxonomy":"post_tag","embeddable":true,"href":"https:\/\/www.turismovillanuevadelosinfantes.es\/en\/wp-json\/wp\/v2\/tags?post=1304"}],"curies":[{"name":"wp","href":"https:\/\/api.w.org\/{rel}","templated":true}]}}